{"id":34114,"date":"2022-07-08T16:11:14","date_gmt":"2022-07-08T16:11:14","guid":{"rendered":"http:\/\/denoticiasonline.com\/?p=34114"},"modified":"2022-07-08T16:33:20","modified_gmt":"2022-07-08T16:33:20","slug":"maximo-kiechner-dijo-guzman-los-dejo-tirados-y-ahi-esta-cristina-poniendo-la-cara-para-sacar-esto-adelante","status":"publish","type":"post","link":"https:\/\/denoticiasonline.com\/index.php\/2022\/07\/08\/maximo-kiechner-dijo-guzman-los-dejo-tirados-y-ahi-esta-cristina-poniendo-la-cara-para-sacar-esto-adelante\/","title":{"rendered":"M\u00c1XIMO KIECHNER DIJO \u201cGUZM\u00c1N LOS DEJ\u00d3 TIRADOS, Y AHI EST\u00c1 CRISTINA PONIENDO LA CARA PARA SACAR ESTO ADELANTE\u201d"},"content":{"rendered":"\n<p class=\"wp-block-paragraph\"><strong>Se present\u00f3 en el microestadio de la ciudad de Garin <strong>el presidente del Partido Justicialista de la provincia de Buenos Aires y diputado del Frente de Todos <\/strong>M\u00e1ximo Kirchner<\/strong> <strong>donde encabez\u00f3 el acto del PJ.&nbsp;<\/strong><\/p>\n\n\n\n<p class=\"wp-block-paragraph\">Autoridades, funcionarios bonaerenses, intendentes e intendentas del Partido, organizaciones sociales y militantes, acompa\u00f1aron al presidente del PJ quien brind\u00f3 un discurso de aproximadamente media hora.<\/p>\n\n\n\n<p class=\"wp-block-paragraph\">Llam\u00f3 a que el&nbsp;<strong>peronismo<\/strong>&nbsp;est\u00e9 unido por \u201c<em>los sue\u00f1os, ilusiones y entender que nuestra sociedad necesita vivir mejor todos los d\u00edas<\/em>\u201c.<\/p>\n\n\n\n<p class=\"wp-block-paragraph\">\u201c<em>Si la sociedad no participa, si no se interesa en su propio destino ser\u00e1 muy dif\u00edcil que algo nos pueda salir bien<\/em>\u201c, sostuvo el diputado, y a\u00f1adi\u00f3 que; \u201c<em>Cualquier invitaci\u00f3n a resistir que reciban a la desesperanza des\u00e9chenla (\u2026), nunca dejen de trabajar y militar para que nuestros barrios puedan mejorar<\/em>\u201c.<\/p>\n\n\n\n<figure class=\"wp-block-image\"><img decoding=\"async\" src=\"https:\/\/i1.wp.com\/elcirculo.com.ar\/wp-content\/uploads\/2022\/07\/maximo-kirchner-hblando-en-el-acto-de-escobar-20220707-1383289.jpg?resize=398%2C224&amp;ssl=1\" alt=\"\" class=\"wp-image-64527\"\/><\/figure>\n\n\n\n<p class=\"wp-block-paragraph\">Afirm\u00f3 que Argentina entr\u00f3 en un \u201ctobog\u00e1n\u201d a partir de la presidencia de<strong>&nbsp;Mauricio Macri<\/strong>&nbsp;y llam\u00f3 a \u201ctrabajar\u201d para \u201c<em>recuperar el poder adquisitivo de los trabajadores formales, informales y la econom\u00eda popular<\/em>\u201c.<\/p>\n\n\n\n<p class=\"wp-block-paragraph\">M\u00e1ximo fue contra los&nbsp;<strong>medios hegem\u00f3nicos<\/strong>&nbsp;manifestando; \u201ccu\u00e1ndo le van a dar un respiro a la gente, hasta donde son capaces de llegar\u201d.<\/p>\n\n\n\n<p class=\"wp-block-paragraph\">Le habl\u00f3 a la militancia y pidi\u00f3 \u201c<em>que se interioricen, se interesen y se informen\u201d.<\/em>&nbsp;Seguidamente expuso; \u201c<em>necesitamos compa\u00f1eros que no solo sean grandes militantes sino que tambi\u00e9n se preparen y se formen para poder gobernar la argentina en el futuro<\/em>\u201c.<\/p>\n\n\n\n<p class=\"wp-block-paragraph\">\u201c<strong>Rosencrantz<\/strong>&nbsp;dice muy suelto de cuerpo que no se puede, que no todos los derechos de mis compatriotas pueden ser respondidos\u201d, arremeti\u00f3 contra el ministro de la&nbsp;<strong>Corte Suprema de la Naci\u00f3n<\/strong>.<\/p>\n\n\n\n<p class=\"wp-block-paragraph\">Por otro lado, refiri\u00e9ndose a la crisis de la<strong>&nbsp;pandemia<\/strong>&nbsp;y la situaci\u00f3n econ\u00f3mica del pa\u00eds, enfatiz\u00f3 \u201c<em>Como puede ser que ese sector privado formador de precios empresario recibi\u00f3 una gran mano de su pueblo trabajador en la pandemia y tambi\u00e9n del Estado y ahora ponga \u201ccara de no puedo hacer otra cosa\u201d, y lo primero que se le ocurre es salir a remarcar los precios<\/em>\u201c.<\/p>\n\n\n\n<p class=\"wp-block-paragraph\">\u201c<strong><em>Y se abrazaron a Guzm\u00e1n, los dej\u00f3 tirados y ah\u00ed est\u00e1 Cristina otra vez poniendo la cara para sacar esto adelante<\/em><\/strong>\u201c, concluy\u00f3 contra el ex ministro de Econom\u00eda de la Naci\u00f3n.<\/p>\n","protected":false},"excerpt":{"rendered":"<p>Se present\u00f3 en el microestadio de la ciudad de Garin el presidente del Partido Justicialista de la provincia de Buenos Aires y diputado del Frente de Todos M\u00e1ximo Kirchner donde encabez\u00f3 el acto del PJ.&nbsp; Autoridades, funcionarios bonaerenses, intendentes e intendentas del Partido, organizaciones sociales y militantes, acompa\u00f1aron al presidente del PJ quien brind\u00f3 un [&hellip;]<\/p>\n","protected":false},"author":21,"featured_media":34115,"comment_status":"open","ping_status":"open","sticky":false,"template":"","format":"standard","meta":{"_jetpack_memberships_contains_paid_content":false,"footnotes":""},"categories":[33],"tags":[4562,2710,4563,1592,261,1102,750,4564,4076,3097,1881,3372,2531,473,4414,4416,434],"class_list":["post-34114","post","type-post","status-publish","format-standard","has-post-thumbnail","hentry","category-economia-merlo","tag-carlos-rosenkrantz","tag-cfk","tag-corte-supremo","tag-cristina-kirchner","tag-escobar","tag-fdt","tag-frente-de-todos","tag-garin","tag-la-campora","tag-martin-guzman-2","tag-mauricio-macri","tag-maximo-kirchner","tag-militancia","tag-pandemia","tag-partido-justicialista","tag-pj-bonaerense","tag-sociedad"],"jetpack_featured_media_url":"https:\/\/i0.wp.com\/denoticiasonline.com\/wp-content\/uploads\/2022\/07\/el-presidente-del-partido-justicialista___3iNhTY-9D_720x0__1-e1657296650701.webp?fit=720%2C480&ssl=1","jetpack_sharing_enabled":true,"_links":{"self":[{"href":"https:\/\/denoticiasonline.com\/index.php\/wp-json\/wp\/v2\/posts\/34114","targetHints":{"allow":["GET"]}}],"collection":[{"href":"https:\/\/denoticiasonline.com\/index.php\/wp-json\/wp\/v2\/posts"}],"about":[{"href":"https:\/\/denoticiasonline.com\/index.php\/wp-json\/wp\/v2\/types\/post"}],"author":[{"embeddable":true,"href":"https:\/\/denoticiasonline.com\/index.php\/wp-json\/wp\/v2\/users\/21"}],"replies":[{"embeddable":true,"href":"https:\/\/denoticiasonline.com\/index.php\/wp-json\/wp\/v2\/comments?post=34114"}],"version-history":[{"count":2,"href":"https:\/\/denoticiasonline.com\/index.php\/wp-json\/wp\/v2\/posts\/34114\/revisions"}],"predecessor-version":[{"id":34119,"href":"https:\/\/denoticiasonline.com\/index.php\/wp-json\/wp\/v2\/posts\/34114\/revisions\/34119"}],"wp:featuredmedia":[{"embeddable":true,"href":"https:\/\/denoticiasonline.com\/index.php\/wp-json\/wp\/v2\/media\/34115"}],"wp:attachment":[{"href":"https:\/\/denoticiasonline.com\/index.php\/wp-json\/wp\/v2\/media?parent=34114"}],"wp:term":[{"taxonomy":"category","embeddable":true,"href":"https:\/\/denoticiasonline.com\/index.php\/wp-json\/wp\/v2\/categories?post=34114"},{"taxonomy":"post_tag","embeddable":true,"href":"https:\/\/denoticiasonline.com\/index.php\/wp-json\/wp\/v2\/tags?post=34114"}],"curies":[{"name":"wp","href":"https:\/\/api.w.org\/{rel}","templated":true}]}}