{"id":34009,"date":"2022-07-04T16:34:58","date_gmt":"2022-07-04T16:34:58","guid":{"rendered":"http:\/\/denoticiasonline.com\/?p=34009"},"modified":"2022-07-04T16:35:02","modified_gmt":"2022-07-04T16:35:02","slug":"alberto-fernandez-designo-a-silvina-batakis-como-ministra-de-economia","status":"publish","type":"post","link":"https:\/\/denoticiasonline.com\/index.php\/2022\/07\/04\/alberto-fernandez-designo-a-silvina-batakis-como-ministra-de-economia\/","title":{"rendered":"ALBERTO FERN\u00c1NDEZ DESIGN\u00d3 A SILVINA BATAKIS COMO MINISTRA DE ECONOM\u00cdA"},"content":{"rendered":"\n<p class=\"wp-block-paragraph\">Esta tarde asumir\u00e1 formalmente a su cargo, la nueva ministra de Econom\u00eda Silvina Batakis, tras la renuncia de Mart\u00edn Guzm\u00e1n, asi lo anticip\u00f3 el jefe de gabinete Juan Manzur esta ma\u00f1ana antes de ingresar a la casa de Gobierno.<\/p>\n\n\n\n<p class=\"wp-block-paragraph\">\u201cHoy asume la nueva ministra de Econom\u00eda, una mujer de una gran experiencia, que ha tenido enormes responsabilidades a lo largo de su vida profesional. En el transcurso de la tarde estar\u00eda haci\u00e9ndose cargo del \u00e1rea de Econom\u00eda\u201d, asever\u00f3 el ministro coordinador.<\/p>\n\n\n\n<p class=\"wp-block-paragraph\">El presidente&nbsp;<strong>Alberto Fern\u00e1ndez&nbsp;<\/strong>design\u00f3 a&nbsp;<strong>Batakis<\/strong>,&nbsp;luego de mantener reuniones durante todo el domingo para afinar, junto a sus colaboradores m\u00e1s estrechos y con referentes de los sectores del&nbsp;<strong>Frente de Todos<\/strong>&nbsp;(FdT), el redise\u00f1o del gabinete nacional a partir de la renuncia que el s\u00e1bado presentara&nbsp;Mart\u00edn Guzm\u00e1n.<\/p>\n\n\n\n<p class=\"wp-block-paragraph\">La designaci\u00f3n de&nbsp;<strong>Batakis<\/strong>&nbsp;fue informada por la vocera presidencial,&nbsp;<strong>Gabriela Cerruti<\/strong>, a trav\u00e9s de Twitter, en una jornada atravesada por llamados y encuentros, que se aceleraron desde el domingo por la ma\u00f1ana y que tuvieron un momento clave en un di\u00e1logo telef\u00f3nico mantenido por la noche por el jefe de Estado y la vicepresidenta,&nbsp;<strong>Cristina Kirchner.<\/strong><\/p>\n\n\n\n<p class=\"wp-block-paragraph\">Ese intercambio contribuy\u00f3 para que todos los sectores que integran el FdT estuvieran al tanto de las designaciones en an\u00e1lisis y de las medidas que podr\u00edan tomarse en las pr\u00f3ximas horas.<\/p>\n\n\n\n<p class=\"wp-block-paragraph\">Para ese contacto, aport\u00f3 lo suyo la titular de Abuelas de Plaza de Mayo,&nbsp;<strong>Estela de Carlotto<\/strong>, quien por la tarde habl\u00f3 con el mandatario para gestionarlo.<\/p>\n\n\n\n<p class=\"wp-block-paragraph\">La renuncia de Guzm\u00e1n a la conducci\u00f3n del Palacio de Hacienda se dio a conocer sorpresivamente el s\u00e1bado, en simult\u00e1neo con un acto en memoria de Juan Domingo Per\u00f3n que encabezaba la titular del Senado en la localidad bonaerense de Ensenada.<\/p>\n","protected":false},"excerpt":{"rendered":"<p>Esta tarde asumir\u00e1 formalmente a su cargo, la nueva ministra de Econom\u00eda Silvina Batakis, tras la renuncia de Mart\u00edn Guzm\u00e1n, asi lo anticip\u00f3 el jefe de gabinete Juan Manzur esta ma\u00f1ana antes de ingresar a la casa de Gobierno. \u201cHoy asume la nueva ministra de Econom\u00eda, una mujer de una gran experiencia, que ha tenido [&hellip;]<\/p>\n","protected":false},"author":21,"featured_media":34010,"comment_status":"open","ping_status":"open","sticky":false,"template":"","format":"standard","meta":{"_jetpack_memberships_contains_paid_content":false,"footnotes":""},"categories":[33],"tags":[105,3674,750,1514,338,4523,434],"class_list":["post-34009","post","type-post","status-publish","format-standard","has-post-thumbnail","hentry","category-economia-merlo","tag-alberto-fernandez","tag-cristina-fernandez-de-kirchner","tag-frente-de-todos","tag-juan-manzur","tag-martin-guzman","tag-sivina-batakis","tag-sociedad"],"jetpack_featured_media_url":"https:\/\/i0.wp.com\/denoticiasonline.com\/wp-content\/uploads\/2022\/07\/batakis1.jpg?fit=800%2C500&ssl=1","jetpack_sharing_enabled":true,"_links":{"self":[{"href":"https:\/\/denoticiasonline.com\/index.php\/wp-json\/wp\/v2\/posts\/34009","targetHints":{"allow":["GET"]}}],"collection":[{"href":"https:\/\/denoticiasonline.com\/index.php\/wp-json\/wp\/v2\/posts"}],"about":[{"href":"https:\/\/denoticiasonline.com\/index.php\/wp-json\/wp\/v2\/types\/post"}],"author":[{"embeddable":true,"href":"https:\/\/denoticiasonline.com\/index.php\/wp-json\/wp\/v2\/users\/21"}],"replies":[{"embeddable":true,"href":"https:\/\/denoticiasonline.com\/index.php\/wp-json\/wp\/v2\/comments?post=34009"}],"version-history":[{"count":1,"href":"https:\/\/denoticiasonline.com\/index.php\/wp-json\/wp\/v2\/posts\/34009\/revisions"}],"predecessor-version":[{"id":34011,"href":"https:\/\/denoticiasonline.com\/index.php\/wp-json\/wp\/v2\/posts\/34009\/revisions\/34011"}],"wp:featuredmedia":[{"embeddable":true,"href":"https:\/\/denoticiasonline.com\/index.php\/wp-json\/wp\/v2\/media\/34010"}],"wp:attachment":[{"href":"https:\/\/denoticiasonline.com\/index.php\/wp-json\/wp\/v2\/media?parent=34009"}],"wp:term":[{"taxonomy":"category","embeddable":true,"href":"https:\/\/denoticiasonline.com\/index.php\/wp-json\/wp\/v2\/categories?post=34009"},{"taxonomy":"post_tag","embeddable":true,"href":"https:\/\/denoticiasonline.com\/index.php\/wp-json\/wp\/v2\/tags?post=34009"}],"curies":[{"name":"wp","href":"https:\/\/api.w.org\/{rel}","templated":true}]}}