{"id":33430,"date":"2022-05-23T19:12:41","date_gmt":"2022-05-23T19:12:41","guid":{"rendered":"http:\/\/denoticiasonline.com\/?p=33430"},"modified":"2022-05-23T19:12:46","modified_gmt":"2022-05-23T19:12:46","slug":"el-sindicato-del-seguro-y-grupo-provincia-acordaron-capacitaciones-para-dirigentes-sindicales","status":"publish","type":"post","link":"https:\/\/denoticiasonline.com\/index.php\/2022\/05\/23\/el-sindicato-del-seguro-y-grupo-provincia-acordaron-capacitaciones-para-dirigentes-sindicales\/","title":{"rendered":"EL SINDICATO DEL SEGURO Y GRUPO PROVINCIA ACORDARON CAPACITACIONES PARA DIRIGENTES SINDICALES"},"content":{"rendered":"\n<p>El presidente del Grupo Provincia, Gustavo Men\u00e9ndez y el Secretario General del Sindicato del Seguro, Jorge Sola, firmaron un convenio de colaboraci\u00f3n para la capacitaci\u00f3n de Dirigentes Sindicales.<\/p>\n\n\n\n<p>Dicha capacitaci\u00f3n se encuentra dirigida a dirigentes sindicales del Sindicato del Seguro tanto de Buenos Aires como del interior. Consiste en que la empresa Provincia ART colabore en el programa de \u201cFormaci\u00f3n en Salud, Higiene y Seguridad Laboral para representantes sindicales\u201d.<\/p>\n\n\n\n<p>Dicho programa apunta a capacitar sobre medidas de prevenci\u00f3n de riesgos en el trabajo y para generar un ambiente de trabajo sano y seguro.<\/p>\n\n\n\n<p>Gustavo Men\u00e9ndez, presidente del Grupo Provincia refiri\u00f3 \u201cla capacitaci\u00f3n es una herramienta enriquecedora para los representantes sindicales y tambi\u00e9n para los trabajadores, ya que con ella logran conocer sus derechos y prevenir sobre los riesgos laborales y mejorar los \u00e1mbitos de trabajo.<\/p>\n\n\n\n<p>Esta es la primera de varias que vamos a realizar con otros gremios y Provincia ART. La primera es con un Sindicato que nos une en la actividad y en las ganas de trabajar y mejorar la calidad del trabajo de los colaboradores del Seguro\u201d.<\/p>\n\n\n\n<p>Por ultimo Jorge Sola, en representaci\u00f3n del Gremio refiri\u00f3 \u201ceste convenio es gesti\u00f3n pura y ayuda a nuestro sindicato para tener mas dirigentes con mas conocimiento para defender a los trabajadores del Seguro. Agradecemos a Grupo Provincia y a Gustavo Men\u00e9ndez por acompa\u00f1arnos en este programa\u201d.<\/p>\n","protected":false},"excerpt":{"rendered":"<p>El presidente del Grupo Provincia, Gustavo Men\u00e9ndez y el Secretario General del Sindicato del Seguro, Jorge Sola, firmaron un convenio de colaboraci\u00f3n para la capacitaci\u00f3n de Dirigentes Sindicales. Dicha capacitaci\u00f3n se encuentra dirigida a dirigentes sindicales del Sindicato del Seguro tanto de Buenos Aires como del interior. Consiste en que la empresa Provincia ART colabore [&hellip;]<\/p>\n","protected":false},"author":21,"featured_media":33431,"comment_status":"open","ping_status":"open","sticky":false,"template":"","format":"standard","meta":{"_jetpack_memberships_contains_paid_content":false,"footnotes":""},"categories":[33,41],"tags":[248,4293,518,3799,107,4294,4295,434],"class_list":{"0":"post-33430","1":"post","2":"type-post","3":"status-publish","4":"format-standard","5":"has-post-thumbnail","7":"category-economia-merlo","8":"category-educacion-merlo","9":"tag-capacitaciones","10":"tag-dirigentes-sindicales","11":"tag-educacion","12":"tag-grupo-provincia","13":"tag-gustavo-menendez","14":"tag-jorge-sola","15":"tag-sindicato-del-seguro","16":"tag-sociedad"},"jetpack_featured_media_url":"https:\/\/i0.wp.com\/denoticiasonline.com\/wp-content\/uploads\/2022\/05\/WhatsApp-Image-2022-05-23-at-3.52.42-PM.jpeg?fit=1280%2C855&ssl=1","jetpack_sharing_enabled":true,"_links":{"self":[{"href":"https:\/\/denoticiasonline.com\/index.php\/wp-json\/wp\/v2\/posts\/33430","targetHints":{"allow":["GET"]}}],"collection":[{"href":"https:\/\/denoticiasonline.com\/index.php\/wp-json\/wp\/v2\/posts"}],"about":[{"href":"https:\/\/denoticiasonline.com\/index.php\/wp-json\/wp\/v2\/types\/post"}],"author":[{"embeddable":true,"href":"https:\/\/denoticiasonline.com\/index.php\/wp-json\/wp\/v2\/users\/21"}],"replies":[{"embeddable":true,"href":"https:\/\/denoticiasonline.com\/index.php\/wp-json\/wp\/v2\/comments?post=33430"}],"version-history":[{"count":1,"href":"https:\/\/denoticiasonline.com\/index.php\/wp-json\/wp\/v2\/posts\/33430\/revisions"}],"predecessor-version":[{"id":33432,"href":"https:\/\/denoticiasonline.com\/index.php\/wp-json\/wp\/v2\/posts\/33430\/revisions\/33432"}],"wp:featuredmedia":[{"embeddable":true,"href":"https:\/\/denoticiasonline.com\/index.php\/wp-json\/wp\/v2\/media\/33431"}],"wp:attachment":[{"href":"https:\/\/denoticiasonline.com\/index.php\/wp-json\/wp\/v2\/media?parent=33430"}],"wp:term":[{"taxonomy":"category","embeddable":true,"href":"https:\/\/denoticiasonline.com\/index.php\/wp-json\/wp\/v2\/categories?post=33430"},{"taxonomy":"post_tag","embeddable":true,"href":"https:\/\/denoticiasonline.com\/index.php\/wp-json\/wp\/v2\/tags?post=33430"}],"curies":[{"name":"wp","href":"https:\/\/api.w.org\/{rel}","templated":true}]}}