{"id":32707,"date":"2022-03-25T16:04:06","date_gmt":"2022-03-25T16:04:06","guid":{"rendered":"http:\/\/denoticiasonline.com\/?p=32707"},"modified":"2023-06-22T18:18:22","modified_gmt":"2023-06-22T18:18:22","slug":"el-frente-de-todos-busca-modificar-la-ley-de-alquileres","status":"publish","type":"post","link":"https:\/\/denoticiasonline.com\/index.php\/2022\/03\/25\/el-frente-de-todos-busca-modificar-la-ley-de-alquileres\/","title":{"rendered":"EL FRENTE DE TODOS BUSCA MODIFICAR LA LEY DE ALQUILERES"},"content":{"rendered":"\n<p class=\"wp-block-paragraph\">Tras el fracaso de la mesa de negociaci\u00f3n&nbsp;impulsada por la Secretar\u00eda de Comercio Interior y su principal autoridad,&nbsp;Roberto Feletti, para buscar una soluci\u00f3n a la escasez de oferta de inmuebles en alquiler, desde el bloque oficialista de la C\u00e1mara de Diputados preparan un proyecto para modificar&nbsp;la ley de alquileres.<\/p>\n\n\n\n<p class=\"wp-block-paragraph\">La iniciativa est\u00e1 a cargo el diputado sanjuanino&nbsp;Jos\u00e9 Luis Gioja por el Frente de Todos. Y, si bien&nbsp;por el momento se trata de un borrador, desde el bloque trabajan contrarreloj para poder&nbsp;presentar la propuesta final este viernes.<\/p>\n\n\n\n<p class=\"wp-block-paragraph\">Del otro lado, oposici\u00f3n busca convocar a una sesi\u00f3n especial para derogar la Ley de Alquileres. Juntos por el Cambio ya present\u00f3 un proyecto alternativo que busca retrotraer los puntos principales a los que tenia la ley anterior y consideran que son los que generan mayor conflicto en la actualidad del mercado: especialmente los vinculados a la duraci\u00f3n del contrato y la actualizaci\u00f3n de los aumentos.<\/p>\n\n\n\n<p class=\"wp-block-paragraph\">En este sentido,&nbsp;el jefe de la UCR en Diputados, Mario Negri,&nbsp;anunci\u00f3 este lunes que desde el interbloque Juntos por el Cambio se reunieron para definir la convocatoria a una sesi\u00f3n especial para tratar la derogaci\u00f3n de la Ley de Alquileres. \u201cVamos a convocar a una sesi\u00f3n especial muy pronto, aunque no tengamos n\u00famero, porque ya nos hemos cansado de insistir.&nbsp;El Gobierno amaga siempre, pero no la quiere derogar, no quiere ni siquiera modificarla a la ley\u201d, dijo hoy Negri en declaraciones a Radio Rivadavia.<\/p>\n","protected":false},"excerpt":{"rendered":"<p>Tras el fracaso de la mesa de negociaci\u00f3n&nbsp;impulsada por la Secretar\u00eda de Comercio Interior y su principal autoridad,&nbsp;Roberto Feletti, para buscar una soluci\u00f3n a la escasez de oferta de inmuebles en alquiler, desde el bloque oficialista de la C\u00e1mara de Diputados preparan un proyecto para modificar&nbsp;la ley de alquileres. La iniciativa est\u00e1 a cargo el [&hellip;]<\/p>\n","protected":false},"author":21,"featured_media":32708,"comment_status":"open","ping_status":"open","sticky":false,"template":"","format":"standard","meta":{"_jetpack_memberships_contains_paid_content":false,"footnotes":""},"categories":[7664],"tags":[3922,750,3923,3924],"class_list":["post-32707","post","type-post","status-publish","format-standard","has-post-thumbnail","hentry","category-politica-nacional","tag-alquileres","tag-frente-de-todos","tag-jose-luis-gioja","tag-ley-de-alquileres"],"jetpack_featured_media_url":"https:\/\/i0.wp.com\/denoticiasonline.com\/wp-content\/uploads\/2022\/03\/alquielress.webp?fit=829%2C466&ssl=1","jetpack_sharing_enabled":true,"_links":{"self":[{"href":"https:\/\/denoticiasonline.com\/index.php\/wp-json\/wp\/v2\/posts\/32707","targetHints":{"allow":["GET"]}}],"collection":[{"href":"https:\/\/denoticiasonline.com\/index.php\/wp-json\/wp\/v2\/posts"}],"about":[{"href":"https:\/\/denoticiasonline.com\/index.php\/wp-json\/wp\/v2\/types\/post"}],"author":[{"embeddable":true,"href":"https:\/\/denoticiasonline.com\/index.php\/wp-json\/wp\/v2\/users\/21"}],"replies":[{"embeddable":true,"href":"https:\/\/denoticiasonline.com\/index.php\/wp-json\/wp\/v2\/comments?post=32707"}],"version-history":[{"count":1,"href":"https:\/\/denoticiasonline.com\/index.php\/wp-json\/wp\/v2\/posts\/32707\/revisions"}],"predecessor-version":[{"id":32709,"href":"https:\/\/denoticiasonline.com\/index.php\/wp-json\/wp\/v2\/posts\/32707\/revisions\/32709"}],"wp:featuredmedia":[{"embeddable":true,"href":"https:\/\/denoticiasonline.com\/index.php\/wp-json\/wp\/v2\/media\/32708"}],"wp:attachment":[{"href":"https:\/\/denoticiasonline.com\/index.php\/wp-json\/wp\/v2\/media?parent=32707"}],"wp:term":[{"taxonomy":"category","embeddable":true,"href":"https:\/\/denoticiasonline.com\/index.php\/wp-json\/wp\/v2\/categories?post=32707"},{"taxonomy":"post_tag","embeddable":true,"href":"https:\/\/denoticiasonline.com\/index.php\/wp-json\/wp\/v2\/tags?post=32707"}],"curies":[{"name":"wp","href":"https:\/\/api.w.org\/{rel}","templated":true}]}}