{"id":32541,"date":"2022-03-16T14:51:03","date_gmt":"2022-03-16T14:51:03","guid":{"rendered":"http:\/\/denoticiasonline.com\/?p=32541"},"modified":"2022-03-16T14:56:03","modified_gmt":"2022-03-16T14:56:03","slug":"aumento-de-casos-de-gripe-a-en-la-provincia-de-buenos-aires","status":"publish","type":"post","link":"https:\/\/denoticiasonline.com\/index.php\/2022\/03\/16\/aumento-de-casos-de-gripe-a-en-la-provincia-de-buenos-aires\/","title":{"rendered":"AUMENTO DE CASOS DE GRIPE A EN LA PROVINCIA DE BUENOS AIRES"},"content":{"rendered":"\n<p>El ministro de Salud de la provincia de Buenos Aires, Nicol\u00e1s Kreplak, confirm\u00f3 un aumento de casos de Gripe A, explic\u00f3 que en muchos casos e internaciones se busca el coronavirus por los s\u00edntomas y se encuentra esta variante, y adelant\u00f3 que la campa\u00f1a de vacunaci\u00f3n para las personas de riesgo comenzar\u00e1 a principio de abril.<\/p>\n\n\n\n<p>&#8220;Desde que empez\u00f3 la pandemia hemos tenido casi nula circulaci\u00f3n de gripe en 2020 y 2021, hubo muy pocos casos de gripe pero estamos viendo un aumento de casos que no es comparable con una epidemia como fue la de 2018 pero si que sucede que est\u00e1 dos meses antes, hay aumento, esto tambi\u00e9n pas\u00f3 en Brasil hace un mes atr\u00e1s&#8221;, dijo este mi\u00e9rcoles el ministro de Salud provincial.<\/p>\n\n\n\n<p>Adem\u00e1s, Kreplak explic\u00f3: &#8220;En algunos casos o internaciones que uno busca Covid por los s\u00edntomas, se encuentra gripe, un tipo de gripe que es Gripe A, que est\u00e1 por venir la vacuna que llega en un par de semanas, es una vacuna que todav\u00eda no esta dada por eso hay que tener cuidado la poblaci\u00f3n de riesgo&#8221;.<\/p>\n\n\n\n<p>Entre ellas se refiri\u00f3 a los mayores de 60 a\u00f1os, los menores de 2 a\u00f1os, los trabajadores de la salud, o los que tienen enfermedades cr\u00f3nicas.<\/p>\n\n\n\n<p>&#8220;Todos tienen que preparase para vacunarse, esperemos que los primeros d\u00edas de abril podamos empezar con la campa\u00f1a de vacunaci\u00f3n&#8221;, asever\u00f3.<\/p>\n\n\n\n<p>Asimismo, el sanitarista agreg\u00f3 que &#8220;hoy tenemos un brote y algunas internaciones de neumon\u00eda por esta gripe, pero las medidas son las mismas que para el Covid-19 como la ventilaci\u00f3n cruzada y lavarse las manos&#8221;.<\/p>\n","protected":false},"excerpt":{"rendered":"<p>El ministro de Salud de la provincia de Buenos Aires, Nicol\u00e1s Kreplak, confirm\u00f3 un aumento de casos de Gripe A, explic\u00f3 que en muchos casos e internaciones se busca el coronavirus por los s\u00edntomas y se encuentra esta variante, y adelant\u00f3 que la campa\u00f1a de vacunaci\u00f3n para las personas de riesgo comenzar\u00e1 a principio de [&hellip;]<\/p>\n","protected":false},"author":21,"featured_media":32542,"comment_status":"open","ping_status":"open","sticky":false,"template":"","format":"standard","meta":{"_jetpack_memberships_contains_paid_content":false,"footnotes":""},"categories":[24,108],"tags":[3848,3717,619,247],"class_list":{"0":"post-32541","1":"post","2":"type-post","3":"status-publish","4":"format-standard","5":"has-post-thumbnail","7":"category-economia-nacional","8":"category-sociedad-nacional","9":"tag-gripe-a","10":"tag-nicolas-kreplak-2","11":"tag-provincia-de-buenos-aires","12":"tag-salud"},"jetpack_featured_media_url":"https:\/\/i0.wp.com\/denoticiasonline.com\/wp-content\/uploads\/2022\/03\/617d40e3bc322_900.jpg?fit=900%2C506&ssl=1","jetpack_sharing_enabled":true,"_links":{"self":[{"href":"https:\/\/denoticiasonline.com\/index.php\/wp-json\/wp\/v2\/posts\/32541","targetHints":{"allow":["GET"]}}],"collection":[{"href":"https:\/\/denoticiasonline.com\/index.php\/wp-json\/wp\/v2\/posts"}],"about":[{"href":"https:\/\/denoticiasonline.com\/index.php\/wp-json\/wp\/v2\/types\/post"}],"author":[{"embeddable":true,"href":"https:\/\/denoticiasonline.com\/index.php\/wp-json\/wp\/v2\/users\/21"}],"replies":[{"embeddable":true,"href":"https:\/\/denoticiasonline.com\/index.php\/wp-json\/wp\/v2\/comments?post=32541"}],"version-history":[{"count":2,"href":"https:\/\/denoticiasonline.com\/index.php\/wp-json\/wp\/v2\/posts\/32541\/revisions"}],"predecessor-version":[{"id":32545,"href":"https:\/\/denoticiasonline.com\/index.php\/wp-json\/wp\/v2\/posts\/32541\/revisions\/32545"}],"wp:featuredmedia":[{"embeddable":true,"href":"https:\/\/denoticiasonline.com\/index.php\/wp-json\/wp\/v2\/media\/32542"}],"wp:attachment":[{"href":"https:\/\/denoticiasonline.com\/index.php\/wp-json\/wp\/v2\/media?parent=32541"}],"wp:term":[{"taxonomy":"category","embeddable":true,"href":"https:\/\/denoticiasonline.com\/index.php\/wp-json\/wp\/v2\/categories?post=32541"},{"taxonomy":"post_tag","embeddable":true,"href":"https:\/\/denoticiasonline.com\/index.php\/wp-json\/wp\/v2\/tags?post=32541"}],"curies":[{"name":"wp","href":"https:\/\/api.w.org\/{rel}","templated":true}]}}