{"id":32487,"date":"2022-03-14T18:46:33","date_gmt":"2022-03-14T18:46:33","guid":{"rendered":"http:\/\/denoticiasonline.com\/?p=32487"},"modified":"2022-03-14T18:46:34","modified_gmt":"2022-03-14T18:46:34","slug":"primera-jornada-del-2022-de-danzamos-las-emociones-en-merlo","status":"publish","type":"post","link":"https:\/\/denoticiasonline.com\/index.php\/2022\/03\/14\/primera-jornada-del-2022-de-danzamos-las-emociones-en-merlo\/","title":{"rendered":"PRIMERA JORNADA DEL 2022 DE &#8220;DANZAMOS LAS EMOCIONES&#8221; EN MERLO"},"content":{"rendered":"\n<p>La\u00a0<a href=\"https:\/\/www.merlo.gob.ar\/secretariaeducacionydeportes\/\">Subsecretar\u00eda de Deportes de Merlo<\/a>\u00a0realiz\u00f3 la primera jornada de \u00abMi Momento. Danzamos las emociones\u00bb del 2022 este domingo en el Parque Municipal N\u00e9stor Kirchner.<\/p>\n\n\n\n<p>Entre las actividades que tuvieron lugar en la jornada se encuentran clases gratuitas de Yoga, Reiki, Yoga deportivo y Cuencos tibetanos. Adem\u00e1s, los merlenses pudieron participar de diferentes charlas y probar comida org\u00e1nica.<\/p>\n\n\n\n<p>El evento fue llevado a cabo por la Profesora Romina Dipierro, quien adem\u00e1s estuvo acompa\u00f1ada por las profesoras invitadas Micaela Castro y Elena Rodr\u00edguez.<\/p>\n\n\n\n<p>El encuentro \u00abMi momento. Danzamos las Emociones\u00bb forma parte del programa \u201cMi Momento\u201d de la&nbsp;<a href=\"https:\/\/www.merlo.gob.ar\/secretariaeducacionydeportes\/\">Secretar\u00eda de Educaci\u00f3n, Deportes y Recreaci\u00f3n<\/a>, y de la&nbsp;<a href=\"http:\/\/www.merlo.gob.ar\/desarrollosocial\/\">Secretar\u00eda de Desarrollo e Integraci\u00f3n Social<\/a>.<\/p>\n","protected":false},"excerpt":{"rendered":"<p>La\u00a0Subsecretar\u00eda de Deportes de Merlo\u00a0realiz\u00f3 la primera jornada de \u00abMi Momento. Danzamos las emociones\u00bb del 2022 este domingo en el Parque Municipal N\u00e9stor Kirchner. Entre las actividades que tuvieron lugar en la jornada se encuentran clases gratuitas de Yoga, Reiki, Yoga deportivo y Cuencos tibetanos. Adem\u00e1s, los merlenses pudieron participar de diferentes charlas y probar [&hellip;]<\/p>\n","protected":false},"author":21,"featured_media":32488,"comment_status":"open","ping_status":"open","sticky":false,"template":"","format":"standard","meta":{"_jetpack_memberships_contains_paid_content":false,"footnotes":""},"categories":[37,57],"tags":[107,649,1221,2828,434,2696],"class_list":{"0":"post-32487","1":"post","2":"type-post","3":"status-publish","4":"format-standard","5":"has-post-thumbnail","7":"category-deportes-merlo","8":"category-sociedad-merlo-merlo-municipio-de-merlo","9":"tag-gustavo-menendez","10":"tag-karina-menendez","11":"tag-parque-municipal-nestor-kirchner","12":"tag-romina-dipierro","13":"tag-sociedad","14":"tag-subsecretaria-de-deportes-de-merlo"},"jetpack_featured_media_url":"https:\/\/i0.wp.com\/denoticiasonline.com\/wp-content\/uploads\/2022\/03\/danzamoslasemociones-3-scaled.jpg?fit=2560%2C1707&ssl=1","jetpack_sharing_enabled":true,"_links":{"self":[{"href":"https:\/\/denoticiasonline.com\/index.php\/wp-json\/wp\/v2\/posts\/32487","targetHints":{"allow":["GET"]}}],"collection":[{"href":"https:\/\/denoticiasonline.com\/index.php\/wp-json\/wp\/v2\/posts"}],"about":[{"href":"https:\/\/denoticiasonline.com\/index.php\/wp-json\/wp\/v2\/types\/post"}],"author":[{"embeddable":true,"href":"https:\/\/denoticiasonline.com\/index.php\/wp-json\/wp\/v2\/users\/21"}],"replies":[{"embeddable":true,"href":"https:\/\/denoticiasonline.com\/index.php\/wp-json\/wp\/v2\/comments?post=32487"}],"version-history":[{"count":1,"href":"https:\/\/denoticiasonline.com\/index.php\/wp-json\/wp\/v2\/posts\/32487\/revisions"}],"predecessor-version":[{"id":32489,"href":"https:\/\/denoticiasonline.com\/index.php\/wp-json\/wp\/v2\/posts\/32487\/revisions\/32489"}],"wp:featuredmedia":[{"embeddable":true,"href":"https:\/\/denoticiasonline.com\/index.php\/wp-json\/wp\/v2\/media\/32488"}],"wp:attachment":[{"href":"https:\/\/denoticiasonline.com\/index.php\/wp-json\/wp\/v2\/media?parent=32487"}],"wp:term":[{"taxonomy":"category","embeddable":true,"href":"https:\/\/denoticiasonline.com\/index.php\/wp-json\/wp\/v2\/categories?post=32487"},{"taxonomy":"post_tag","embeddable":true,"href":"https:\/\/denoticiasonline.com\/index.php\/wp-json\/wp\/v2\/tags?post=32487"}],"curies":[{"name":"wp","href":"https:\/\/api.w.org\/{rel}","templated":true}]}}