{"id":32296,"date":"2022-03-07T14:14:28","date_gmt":"2022-03-07T14:14:28","guid":{"rendered":"http:\/\/denoticiasonline.com\/?p=32296"},"modified":"2023-06-22T18:08:57","modified_gmt":"2023-06-22T18:08:57","slug":"inicia-el-debate-del-acuerdo-con-el-fmi","status":"publish","type":"post","link":"https:\/\/denoticiasonline.com\/index.php\/2022\/03\/07\/inicia-el-debate-del-acuerdo-con-el-fmi\/","title":{"rendered":"INICIA EL DEBATE DEL ACUERDO CON EL FMI"},"content":{"rendered":"\n<p class=\"wp-block-paragraph\">Este lunes el Ministro de Econom\u00eda Mart\u00edn Guzm\u00e1n ingresar\u00e1 a el Congreso Nacional para&nbsp; comenzar a discutir oficialmente el proyecto del acuerdo con el FMI.El Poder Ejecutivo y sus espadas parlamentarias trabajan para poder conseguir los votos que le garanticen una aprobaci\u00f3n a finales de esta semana.<\/p>\n\n\n\n<p class=\"wp-block-paragraph\">Hasta el momento, ni siquiera tiene asegurados todos los votos del Frente de Todos, ya que los m\u00e1s cercanos a La C\u00e1mpora no anticiparon su posici\u00f3n y solo mostraron nuevas cr\u00edticas al organismo financiero internacional.<\/p>\n\n\n\n<p class=\"wp-block-paragraph\">Este domingo, el presidente Alberto Fern\u00e1ndez asegur\u00f3 que \u201cnadie est\u00e1 feliz\u201d con el acuerdo alcanzado con Fondo, aunque neg\u00f3 que implique \u201cun fuerte condicionamiento\u201d a la pol\u00edtica econ\u00f3mica del Gobierno, al tiempo que reconoci\u00f3 que \u201cdesprecia\u201d al FMI.<\/p>\n\n\n\n<p class=\"wp-block-paragraph\">Al participar de un acto en el Centro Cultural Kirchner (CCK) organizado por la Federaci\u00f3n Argentina de Municipios (FAM) junto a concejalas e intendentas del peronismo en el marco del D\u00eda Internacional de la Mujer Trabajadora, el jefe de Estado se\u00f1al\u00f3 que, pese a haber sido cr\u00edtico de la gesti\u00f3n de Cristina Kirchner, \u201cnunca\u201d le critic\u00f3 \u201csu pol\u00edtica de no endeudamiento\u201d.<\/p>\n","protected":false},"excerpt":{"rendered":"<p>Este lunes el Ministro de Econom\u00eda Mart\u00edn Guzm\u00e1n ingresar\u00e1 a el Congreso Nacional para&nbsp; comenzar a discutir oficialmente el proyecto del acuerdo con el FMI.El Poder Ejecutivo y sus espadas parlamentarias trabajan para poder conseguir los votos que le garanticen una aprobaci\u00f3n a finales de esta semana. Hasta el momento, ni siquiera tiene asegurados todos [&hellip;]<\/p>\n","protected":false},"author":21,"featured_media":32297,"comment_status":"open","ping_status":"open","sticky":false,"template":"","format":"standard","meta":{"_jetpack_memberships_contains_paid_content":false,"footnotes":""},"categories":[16],"tags":[771,3728,337,750,3727],"class_list":["post-32296","post","type-post","status-publish","format-standard","has-post-thumbnail","hentry","category-politica-merlo","tag-alberto-fernandez-2","tag-congreso-nacional","tag-fmi","tag-frente-de-todos","tag-ministro-de-economia-martin-guzman"],"jetpack_featured_media_url":"https:\/\/i0.wp.com\/denoticiasonline.com\/wp-content\/uploads\/2022\/03\/dsc_8402.jpg?fit=1617%2C1080&ssl=1","jetpack_sharing_enabled":true,"_links":{"self":[{"href":"https:\/\/denoticiasonline.com\/index.php\/wp-json\/wp\/v2\/posts\/32296","targetHints":{"allow":["GET"]}}],"collection":[{"href":"https:\/\/denoticiasonline.com\/index.php\/wp-json\/wp\/v2\/posts"}],"about":[{"href":"https:\/\/denoticiasonline.com\/index.php\/wp-json\/wp\/v2\/types\/post"}],"author":[{"embeddable":true,"href":"https:\/\/denoticiasonline.com\/index.php\/wp-json\/wp\/v2\/users\/21"}],"replies":[{"embeddable":true,"href":"https:\/\/denoticiasonline.com\/index.php\/wp-json\/wp\/v2\/comments?post=32296"}],"version-history":[{"count":1,"href":"https:\/\/denoticiasonline.com\/index.php\/wp-json\/wp\/v2\/posts\/32296\/revisions"}],"predecessor-version":[{"id":32298,"href":"https:\/\/denoticiasonline.com\/index.php\/wp-json\/wp\/v2\/posts\/32296\/revisions\/32298"}],"wp:featuredmedia":[{"embeddable":true,"href":"https:\/\/denoticiasonline.com\/index.php\/wp-json\/wp\/v2\/media\/32297"}],"wp:attachment":[{"href":"https:\/\/denoticiasonline.com\/index.php\/wp-json\/wp\/v2\/media?parent=32296"}],"wp:term":[{"taxonomy":"category","embeddable":true,"href":"https:\/\/denoticiasonline.com\/index.php\/wp-json\/wp\/v2\/categories?post=32296"},{"taxonomy":"post_tag","embeddable":true,"href":"https:\/\/denoticiasonline.com\/index.php\/wp-json\/wp\/v2\/tags?post=32296"}],"curies":[{"name":"wp","href":"https:\/\/api.w.org\/{rel}","templated":true}]}}