{"id":30706,"date":"2021-12-27T14:25:13","date_gmt":"2021-12-27T14:25:13","guid":{"rendered":"http:\/\/denoticiasonline.com\/?p=30706"},"modified":"2021-12-27T14:25:15","modified_gmt":"2021-12-27T14:25:15","slug":"efemerides-27-de-diciembre","status":"publish","type":"post","link":"https:\/\/denoticiasonline.com\/index.php\/2021\/12\/27\/efemerides-27-de-diciembre\/","title":{"rendered":"EFEM\u00c9RIDES: 27 DE DICIEMBRE"},"content":{"rendered":"\n<ul class=\"wp-block-list\"><li>\u00bfQu\u00e9 pas\u00f3 un d\u00eda como hoy?<\/li><li><\/li><li><strong>1571<\/strong>&nbsp;\u2013 Nace el astr\u00f3nomo y matem\u00e1tico alem\u00e1n Johannes Kepler. Kepler&nbsp;describi\u00f3 la forma en que los planetas orbitaban alrededor del sol, a pesar de no disponer de grandes telescopios ni ordenadores . El exoplaneta&nbsp;<strong>Kepler<\/strong>-90i fue descubierto gracias al telescopio espacial&nbsp;<strong>Kepler<\/strong><\/li><\/ul>\n\n\n\n<figure class=\"wp-block-image\"><a href=\"data:image\/gif;base64,R0lGODlhAQABAAAAACH5BAEKAAEALAAAAAABAAEAAAICTAEAOw==\"><img decoding=\"async\" src=\"https:\/\/i2.wp.com\/bunker949.com\/wp-content\/uploads\/2021\/12\/kepler-biografia.jpg?resize=696%2C340&amp;ssl=1\" alt=\"\" class=\"wp-image-8754\"\/><\/a><\/figure>\n\n\n\n<ul class=\"wp-block-list\"><li><strong>1822&nbsp;<\/strong>\u2013 Nace el qu\u00edmico y bacteri\u00f3logo franc\u00e9s Louis Pasteur.<\/li><\/ul>\n\n\n\n<figure class=\"wp-block-image\"><a href=\"data:image\/gif;base64,R0lGODlhAQABAAAAACH5BAEKAAEALAAAAAABAAEAAAICTAEAOw==\"><img decoding=\"async\" src=\"https:\/\/i1.wp.com\/bunker949.com\/wp-content\/uploads\/2021\/12\/louis-pasteur_aafc4fae_550x839.jpg?resize=550%2C839&amp;ssl=1\" alt=\"\" class=\"wp-image-8755\"\/><\/a><\/figure>\n\n\n\n<ul class=\"wp-block-list\"><li>1831 \u2013 El cient\u00edfico ingl\u00e9s&nbsp;Charles Darwin&nbsp;parte de Gran Breta\u00f1a e inicia su viaje hacia Sudam\u00e9rica.<\/li><li>1899 \u2013 Nace el cineasta argentino Leopoldo Torres R\u00edos.<\/li><\/ul>\n\n\n\n<figure class=\"wp-block-image\"><a href=\"data:image\/gif;base64,R0lGODlhAQABAAAAACH5BAEKAAEALAAAAAABAAEAAAICTAEAOw==\"><img decoding=\"async\" src=\"https:\/\/i1.wp.com\/bunker949.com\/wp-content\/uploads\/2021\/12\/0000095580.jpg?resize=488%2C675&amp;ssl=1\" alt=\"\" class=\"wp-image-8756\"\/><\/a><\/figure>\n\n\n\n<ul class=\"wp-block-list\"><li>1901 \u2013 Nace la actriz y cantante alemana&nbsp; Marlene Dietrich.<\/li><li>1906 \u2013 Fallece el abogado y pol\u00edtico argentino Bernardo de Irigoyen.<\/li><\/ul>\n\n\n\n<figure class=\"wp-block-image\"><a href=\"data:image\/gif;base64,R0lGODlhAQABAAAAACH5BAEKAAEALAAAAAABAAEAAAICTAEAOw==\"><img decoding=\"async\" src=\"https:\/\/i2.wp.com\/bunker949.com\/wp-content\/uploads\/2021\/12\/Bernardo_de_Irigoyen.jpg?resize=180%2C271&amp;ssl=1\" alt=\"\" class=\"wp-image-8757\"\/><\/a><\/figure>\n\n\n\n<ul class=\"wp-block-list\"><li><strong>1923<\/strong>&nbsp;\u2013 Fallece el ingeniero civil franc\u00e9s Gustave Eiffel, dise\u00f1ador de la Torre que lleva su apellido.<\/li><li><strong>1931&nbsp;<\/strong>\u2013 Fallece el abogado y pol\u00edtico argentino Jos\u00e9 Figueroa Alcorta.<\/li><li><strong>1943&nbsp;<\/strong>\u2013 Nace el cantautor y poeta espa\u00f1ol Joan Manuel Serrat.<\/li><li><strong>1944<\/strong>&nbsp;\u2013 Nace el cineasta argentino Eliseo Subiela.<\/li><li><strong>1945<\/strong>&nbsp;\u2013 Se funda el Fondo Monetario Internacional (FMI).<\/li><li><strong>1948<\/strong>&nbsp;\u2013 Nace el actor franc\u00e9s&nbsp; G\u00e9rard Depardieu.<\/li><li><strong>1952&nbsp;<\/strong>\u2013 Nace el m\u00fasico escoc\u00e9s David Knopfler, miembro de la banda Dire Straits.<\/li><li><strong>1963&nbsp;<\/strong>\u2013 Nace el cineasta argentino Gaspar No\u00e9.<\/li><li><strong>1968&nbsp;<\/strong>\u2013 Nace el cantautor espa\u00f1ol Diego Ram\u00f3n Jim\u00e9nez Salazar, m\u00e1s conocido como \u201cEl Cigala\u201d.<\/li><\/ul>\n\n\n\n<ul class=\"wp-block-list\"><li><strong>1988<\/strong>&nbsp;\u2013 Fallece el dirigente deportivo argentino Alberto J. Armando. Fue presidente de Boca Juniors.<\/li><li><\/li><\/ul>\n\n\n\n<figure class=\"wp-block-image\"><a href=\"data:image\/gif;base64,R0lGODlhAQABAAAAACH5BAEKAAEALAAAAAABAAEAAAICTAEAOw==\"><img decoding=\"async\" src=\"https:\/\/i1.wp.com\/bunker949.com\/wp-content\/uploads\/2021\/12\/descarga-7.jpg?resize=300%2C168&amp;ssl=1\" alt=\"\" class=\"wp-image-8759\"\/><\/a><\/figure>\n\n\n\n<ul class=\"wp-block-list\"><li><strong>1995&nbsp;<\/strong>\u2013 Nace el actor espa\u00f1ol Carlos Cuevas.<\/li><li><strong>2016<\/strong>&nbsp;\u2013 Fallece la actriz y escritora estadounidense Carrie Fisher<\/li><\/ul>\n\n\n\n<figure class=\"wp-block-image\"><a href=\"data:image\/gif;base64,R0lGODlhAQABAAAAACH5BAEKAAEALAAAAAABAAEAAAICTAEAOw==\"><img decoding=\"async\" src=\"https:\/\/i2.wp.com\/bunker949.com\/wp-content\/uploads\/2021\/12\/EW3CT3Z5PJHI7PBP5F4JVXZZGY.jpg?resize=580%2C330&amp;ssl=1\" alt=\"\" class=\"wp-image-8758\"\/><\/a><\/figure>\n\n\n\n<p>Se celebra el D\u00eda Internacional de la Preparaci\u00f3n ante las Epidemias .<\/p>\n","protected":false},"excerpt":{"rendered":"<p>\u00bfQu\u00e9 pas\u00f3 un d\u00eda como hoy? 1571&nbsp;\u2013 Nace el astr\u00f3nomo y matem\u00e1tico alem\u00e1n Johannes Kepler. Kepler&nbsp;describi\u00f3 la forma en que los planetas orbitaban alrededor del sol, a pesar de no disponer de grandes telescopios ni ordenadores . El exoplaneta&nbsp;Kepler-90i fue descubierto gracias al telescopio espacial&nbsp;Kepler 1822&nbsp;\u2013 Nace el qu\u00edmico y bacteri\u00f3logo franc\u00e9s Louis Pasteur. 1831 [&hellip;]<\/p>\n","protected":false},"author":21,"featured_media":30707,"comment_status":"open","ping_status":"open","sticky":false,"template":"","format":"standard","meta":{"_jetpack_memberships_contains_paid_content":false,"footnotes":""},"categories":[62],"tags":[249,2847,2369],"class_list":{"0":"post-30706","1":"post","2":"type-post","3":"status-publish","4":"format-standard","5":"has-post-thumbnail","7":"category-cultura-en-merlo","8":"tag-cultura","9":"tag-diciembre","10":"tag-efemerides-2"},"jetpack_featured_media_url":"https:\/\/i0.wp.com\/denoticiasonline.com\/wp-content\/uploads\/2021\/12\/images.jpg?fit=290%2C174&ssl=1","jetpack_sharing_enabled":true,"_links":{"self":[{"href":"https:\/\/denoticiasonline.com\/index.php\/wp-json\/wp\/v2\/posts\/30706","targetHints":{"allow":["GET"]}}],"collection":[{"href":"https:\/\/denoticiasonline.com\/index.php\/wp-json\/wp\/v2\/posts"}],"about":[{"href":"https:\/\/denoticiasonline.com\/index.php\/wp-json\/wp\/v2\/types\/post"}],"author":[{"embeddable":true,"href":"https:\/\/denoticiasonline.com\/index.php\/wp-json\/wp\/v2\/users\/21"}],"replies":[{"embeddable":true,"href":"https:\/\/denoticiasonline.com\/index.php\/wp-json\/wp\/v2\/comments?post=30706"}],"version-history":[{"count":1,"href":"https:\/\/denoticiasonline.com\/index.php\/wp-json\/wp\/v2\/posts\/30706\/revisions"}],"predecessor-version":[{"id":30708,"href":"https:\/\/denoticiasonline.com\/index.php\/wp-json\/wp\/v2\/posts\/30706\/revisions\/30708"}],"wp:featuredmedia":[{"embeddable":true,"href":"https:\/\/denoticiasonline.com\/index.php\/wp-json\/wp\/v2\/media\/30707"}],"wp:attachment":[{"href":"https:\/\/denoticiasonline.com\/index.php\/wp-json\/wp\/v2\/media?parent=30706"}],"wp:term":[{"taxonomy":"category","embeddable":true,"href":"https:\/\/denoticiasonline.com\/index.php\/wp-json\/wp\/v2\/categories?post=30706"},{"taxonomy":"post_tag","embeddable":true,"href":"https:\/\/denoticiasonline.com\/index.php\/wp-json\/wp\/v2\/tags?post=30706"}],"curies":[{"name":"wp","href":"https:\/\/api.w.org\/{rel}","templated":true}]}}