{"id":30677,"date":"2021-12-21T21:37:38","date_gmt":"2021-12-21T21:37:38","guid":{"rendered":"http:\/\/denoticiasonline.com\/?p=30677"},"modified":"2021-12-21T21:37:39","modified_gmt":"2021-12-21T21:37:39","slug":"internos-de-carceles-presentaron-obras-de-teatro-virtual","status":"publish","type":"post","link":"https:\/\/denoticiasonline.com\/index.php\/2021\/12\/21\/internos-de-carceles-presentaron-obras-de-teatro-virtual\/","title":{"rendered":"INTERNOS DE C\u00c1RCELES PRESENTARON OBRAS DE TEATRO VIRTUAL"},"content":{"rendered":"\n<p>Internos de tres c\u00e1rceles bonaerenses que participan del programa \u201cPabellones Literarios para la Libertad\u201d presentaron ayer tres obras de teatro, en el marco del primer Ciclo de Teatro Virtual denominado Palabras en Libertad.<\/p>\n\n\n\n<p>La experiencia se desarroll\u00f3 en una c\u00e1rcel de La Plata, otra de General Alvear y en la Unidad 56 de Virrey del Pino, y las obras de teatro escritas por las personas privadas de la libertad fueron transmitidas por zoom.<\/p>\n\n\n\n<p>En un comunicado, se precis\u00f3 que internos de la Unidad 30 General Alvear escribieron e interpretaron la obra \u201cTiempo de destrucci\u00f3n\u201d, una obra que invita a reflexionar sobre el consumo problem\u00e1tico de estupefacientes.<\/p>\n\n\n\n<p>Gonzalo, uno de los actores y referente del espacio, cont\u00f3 que trabajaron \u201ctodo el a\u00f1o\u201d en la actividad y se mostr\u00f3 \u201corgulloso de poder presentarla\u201d.<\/p>\n\n\n\n<p>Los internos de la localidad perteneciente al partido de La Matanza trataron temas vinculados a la estigmatizaci\u00f3n, a la discriminaci\u00f3n y a la pobreza. Tambi\u00e9n, interpelaron a los espectadores con cuestiones asociadas a la burocracia y a la vida en contexto de encierro.<\/p>\n\n\n\n<p>Luego, lleg\u00f3 el turno de la Unidad 56 Virrey del Pino que eligi\u00f3 compartir el video de \u201cYa no m\u00e1s\u201d, que se grab\u00f3 cuando la pieza se exhibi\u00f3 ante la presencia del jefe del Servicio Penitenciario Bonaerense, Xavier Areses, de autoridades de la instituci\u00f3n y del Ministerio de Justicia y Derechos Humanos de la Provincia.<\/p>\n\n\n\n<p>Por \u00faltimo, la Unidad 10 Melchor Romero que expuso \u201cUn camino a la libertad\u201d, una obra cuyo eje ronda en la importancia de la educaci\u00f3n y los libros.<\/p>\n\n\n\n<p>Los actores privados de la libertad se presentaron con el acompa\u00f1amiento de las autoridades de los penales, de los talleristas, y ante internos e internas de pabellones literarios de las Unidades 37 Barker, 7 Azul, 6 Dolores, 2 Sierra Chica, 35 Magdalena, 24 Florencio Varela, 13 Jun\u00edn, 43 Lomas de Zamora, 8 Los Hornos y 18 Gorina.<\/p>\n\n\n\n<p>El juez del Tribunal Oral en lo Criminal N\u00b0 7 del Departamento Judicial de Lomas de Zamora y promotor de los pabellones literarios, Roberto Conti, particip\u00f3 de la jornada, junto a la asesora del ministro de Justicia y Derechos Humanos de la Provincia, Julia Lescano, y la jefa de Departamento Cultura del Servicio Penitenciario Bonaerense (SPB), Gabriela R\u00edos.<\/p>\n\n\n\n<p>Hasta el momento, 3.853 internos y m\u00e1s de 150 talleristas participan del programa que se implementa en 46 c\u00e1rceles bonaerenses y alcaid\u00edas, donde ya se han conformado 80 pabellones literarios.<\/p>\n","protected":false},"excerpt":{"rendered":"<p>Internos de tres c\u00e1rceles bonaerenses que participan del programa \u201cPabellones Literarios para la Libertad\u201d presentaron ayer tres obras de teatro, en el marco del primer Ciclo de Teatro Virtual denominado Palabras en Libertad. La experiencia se desarroll\u00f3 en una c\u00e1rcel de La Plata, otra de General Alvear y en la Unidad 56 de Virrey del [&hellip;]<\/p>\n","protected":false},"author":21,"featured_media":30678,"comment_status":"open","ping_status":"open","sticky":false,"template":"","format":"standard","meta":{"_jetpack_memberships_contains_paid_content":false,"footnotes":""},"categories":[1],"tags":[2946,1327,2947,49,2945],"class_list":{"0":"post-30677","1":"post","2":"type-post","3":"status-publish","4":"format-standard","5":"has-post-thumbnail","7":"category-sin-categoria","8":"tag-carceles","9":"tag-conurbano","10":"tag-internos","11":"tag-la-plata","12":"tag-teatro-virtual"},"jetpack_featured_media_url":"https:\/\/i0.wp.com\/denoticiasonline.com\/wp-content\/uploads\/2021\/12\/image_content_25755966_20160410182241.jpg?fit=580%2C365&ssl=1","jetpack_sharing_enabled":true,"_links":{"self":[{"href":"https:\/\/denoticiasonline.com\/index.php\/wp-json\/wp\/v2\/posts\/30677","targetHints":{"allow":["GET"]}}],"collection":[{"href":"https:\/\/denoticiasonline.com\/index.php\/wp-json\/wp\/v2\/posts"}],"about":[{"href":"https:\/\/denoticiasonline.com\/index.php\/wp-json\/wp\/v2\/types\/post"}],"author":[{"embeddable":true,"href":"https:\/\/denoticiasonline.com\/index.php\/wp-json\/wp\/v2\/users\/21"}],"replies":[{"embeddable":true,"href":"https:\/\/denoticiasonline.com\/index.php\/wp-json\/wp\/v2\/comments?post=30677"}],"version-history":[{"count":1,"href":"https:\/\/denoticiasonline.com\/index.php\/wp-json\/wp\/v2\/posts\/30677\/revisions"}],"predecessor-version":[{"id":30679,"href":"https:\/\/denoticiasonline.com\/index.php\/wp-json\/wp\/v2\/posts\/30677\/revisions\/30679"}],"wp:featuredmedia":[{"embeddable":true,"href":"https:\/\/denoticiasonline.com\/index.php\/wp-json\/wp\/v2\/media\/30678"}],"wp:attachment":[{"href":"https:\/\/denoticiasonline.com\/index.php\/wp-json\/wp\/v2\/media?parent=30677"}],"wp:term":[{"taxonomy":"category","embeddable":true,"href":"https:\/\/denoticiasonline.com\/index.php\/wp-json\/wp\/v2\/categories?post=30677"},{"taxonomy":"post_tag","embeddable":true,"href":"https:\/\/denoticiasonline.com\/index.php\/wp-json\/wp\/v2\/tags?post=30677"}],"curies":[{"name":"wp","href":"https:\/\/api.w.org\/{rel}","templated":true}]}}