{"id":30628,"date":"2021-12-13T18:34:57","date_gmt":"2021-12-13T18:34:57","guid":{"rendered":"http:\/\/denoticiasonline.com\/?p=30628"},"modified":"2021-12-13T18:34:58","modified_gmt":"2021-12-13T18:34:58","slug":"aczino-es-el-nuevo-bicampeon-internacional-de-red-bull-batalla-de-los-gallos","status":"publish","type":"post","link":"https:\/\/denoticiasonline.com\/index.php\/2021\/12\/13\/aczino-es-el-nuevo-bicampeon-internacional-de-red-bull-batalla-de-los-gallos\/","title":{"rendered":"ACZINO ES EL NUEVO BICAMPE\u00d3N INTERNACIONAL DE RED BULL BATALLA DE LOS GALLOS"},"content":{"rendered":"\n<p>El pasado s\u00e1bado 11 de diciembre se llev\u00f3 a cabo una nueva edici\u00f3n de la final internacional de Batalla de Gallos. Este a\u00f1o la sede para el gran evento fue Vi\u00f1a Del Mar, Chile. La ultima vez que se disput\u00f3 este evento en el pais chileno hab\u00eda sido en el a\u00f1o 2015 y fue el Espa\u00f1ol Arkano quien se consagrar\u00eda como campe\u00f3n. <\/p>\n\n\n\n<p>Este a\u00f1o 2021 el ganador fue el mexicano Aczino en una hist\u00f3rica final contra el espa\u00f1ol Skone. Azcino no s\u00f3lo se coron\u00f3 campe\u00f3n en el aniversario 15\u00ba del evento mundial, sino que tambi\u00e9n pas\u00f3 a la historia tras convertirse en el primer Bicampe\u00f3n de la historia.<\/p>\n\n\n\n<figure class=\"wp-block-image size-large\"><img data-recalc-dims=\"1\" loading=\"lazy\" decoding=\"async\" width=\"696\" height=\"387\" src=\"https:\/\/i0.wp.com\/denoticiasonline.com\/wp-content\/uploads\/2021\/12\/FGbVs0kXsAQU9lA-1024x570.jpg?resize=696%2C387\" alt=\"\" class=\"wp-image-30631\" srcset=\"https:\/\/i0.wp.com\/denoticiasonline.com\/wp-content\/uploads\/2021\/12\/FGbVs0kXsAQU9lA.jpg?resize=1024%2C570&amp;ssl=1 1024w, https:\/\/i0.wp.com\/denoticiasonline.com\/wp-content\/uploads\/2021\/12\/FGbVs0kXsAQU9lA.jpg?resize=300%2C167&amp;ssl=1 300w, https:\/\/i0.wp.com\/denoticiasonline.com\/wp-content\/uploads\/2021\/12\/FGbVs0kXsAQU9lA.jpg?resize=768%2C427&amp;ssl=1 768w, https:\/\/i0.wp.com\/denoticiasonline.com\/wp-content\/uploads\/2021\/12\/FGbVs0kXsAQU9lA.jpg?resize=150%2C83&amp;ssl=1 150w, https:\/\/i0.wp.com\/denoticiasonline.com\/wp-content\/uploads\/2021\/12\/FGbVs0kXsAQU9lA.jpg?resize=696%2C387&amp;ssl=1 696w, https:\/\/i0.wp.com\/denoticiasonline.com\/wp-content\/uploads\/2021\/12\/FGbVs0kXsAQU9lA.jpg?resize=755%2C420&amp;ssl=1 755w, https:\/\/i0.wp.com\/denoticiasonline.com\/wp-content\/uploads\/2021\/12\/FGbVs0kXsAQU9lA.jpg?w=1059&amp;ssl=1 1059w\" sizes=\"auto, (max-width: 696px) 100vw, 696px\" \/><\/figure>\n\n\n\n<p>Mauricio Hern\u00e1ndez (Aczino) demostr\u00f3 una vez mas porque es considerado el mejor de la historia, venciendo en octavos de final a &#8220;P8&#8221; de Costa Rica, en cuartos de final derrot\u00f3 al Peruano Jair Wong, ya en semifinales se enfrent\u00f3 con su compatriota mexicano Rapder a quien logro vencer en una dura batalla, pasando as\u00ed nuevamente a una final en la cual en este caso se enfrent\u00f3 al hist\u00f3rico Espa\u00f1ol Skone, ambos en busca del preciado Bicampeonato, el cual finalmente se lo llev\u00f3 Mau el Aczino.<\/p>\n\n\n\n<p>En el momento de recibir el cintur\u00f3n, Azcino dijo: \u201cChile, hace casi dos a\u00f1os que no me paraba aqu\u00ed, donde gan\u00e9 mi primer campeonato hace seis a\u00f1os, donde me di a conocer en esta \u00e9poca, donde vine a competir con los &#8216;culeaos&#8217; m\u00e1s pulentos que hay. Y la verdad que esta no la cuento como si ganara en el extranjero, porque ya saben que esta es mi segunda casa\u201d.<\/p>\n\n\n\n<figure class=\"wp-block-image size-full\"><img data-recalc-dims=\"1\" loading=\"lazy\" decoding=\"async\" width=\"696\" height=\"392\" src=\"https:\/\/i0.wp.com\/denoticiasonline.com\/wp-content\/uploads\/2021\/12\/634197200_218154026_1024x576.jpg?resize=696%2C392\" alt=\"\" class=\"wp-image-30630\" srcset=\"https:\/\/i0.wp.com\/denoticiasonline.com\/wp-content\/uploads\/2021\/12\/634197200_218154026_1024x576.jpg?w=1024&amp;ssl=1 1024w, https:\/\/i0.wp.com\/denoticiasonline.com\/wp-content\/uploads\/2021\/12\/634197200_218154026_1024x576.jpg?resize=300%2C169&amp;ssl=1 300w, https:\/\/i0.wp.com\/denoticiasonline.com\/wp-content\/uploads\/2021\/12\/634197200_218154026_1024x576.jpg?resize=768%2C432&amp;ssl=1 768w, https:\/\/i0.wp.com\/denoticiasonline.com\/wp-content\/uploads\/2021\/12\/634197200_218154026_1024x576.jpg?resize=150%2C84&amp;ssl=1 150w, https:\/\/i0.wp.com\/denoticiasonline.com\/wp-content\/uploads\/2021\/12\/634197200_218154026_1024x576.jpg?resize=696%2C392&amp;ssl=1 696w, https:\/\/i0.wp.com\/denoticiasonline.com\/wp-content\/uploads\/2021\/12\/634197200_218154026_1024x576.jpg?resize=747%2C420&amp;ssl=1 747w\" sizes=\"auto, (max-width: 696px) 100vw, 696px\" \/><\/figure>\n\n\n\n<p>Mau sigue siendo el MC con la racha m\u00e1s larga de participaciones en la Internacional (desde 2014 hasta el presente a\u00f1o) y tambi\u00e9n el mayor ganador de competencias nacionales: tres en M\u00e9xico (2014, 2015 y 2017) y una en Colombia (2012). Con este triunfo dejo inmortalizado para siempre su nombre en la historia del freestyle al convertirse en Bicampe\u00f3n Mundial.<\/p>\n\n\n\n<p><strong>El podio completo de esta final internacional fue:<\/strong><\/p>\n\n\n\n<ul class=\"wp-block-list\"><li>Campe\u00f3n Internacional 2021:\u00a0<strong>Aczino<\/strong><\/li><li>Subcampe\u00f3n:\u00a0<strong>Skone<\/strong><\/li><li>Tercer puesto:\u00a0<strong>Gazir<\/strong><\/li><\/ul>\n\n\n\n<p>La pr\u00f3xima final internacional se celebrar\u00e1 nada mas ni nada menos que en M\u00e9xico, donde Aczino buscar\u00e1 hacer historia y lograr un tricampeonato. <\/p>\n\n\n\n<figure class=\"wp-block-image size-full is-resized\"><img data-recalc-dims=\"1\" loading=\"lazy\" decoding=\"async\" src=\"https:\/\/i0.wp.com\/denoticiasonline.com\/wp-content\/uploads\/2021\/12\/FGbVs0jXMAg3lBU.jpg?resize=696%2C398\" alt=\"\" class=\"wp-image-30632\" width=\"696\" height=\"398\"\/><\/figure>\n","protected":false},"excerpt":{"rendered":"<p>El pasado s\u00e1bado 11 de diciembre se llev\u00f3 a cabo una nueva edici\u00f3n de la final internacional de Batalla de Gallos. Este a\u00f1o la sede para el gran evento fue Vi\u00f1a Del Mar, Chile. La ultima vez que se disput\u00f3 este evento en el pais chileno hab\u00eda sido en el a\u00f1o 2015 y fue el [&hellip;]<\/p>\n","protected":false},"author":21,"featured_media":30629,"comment_status":"open","ping_status":"open","sticky":false,"template":"","format":"standard","meta":{"_jetpack_memberships_contains_paid_content":false,"footnotes":""},"categories":[62],"tags":[2925,2924,2270,2927,527,2928,2922,2923,2926],"class_list":{"0":"post-30628","1":"post","2":"type-post","3":"status-publish","4":"format-standard","5":"has-post-thumbnail","7":"category-cultura-en-merlo","8":"tag-aczino","9":"tag-batalla-de-gallos","10":"tag-chile","11":"tag-final-internacional","12":"tag-freestyle","13":"tag-mexico","14":"tag-redbull","15":"tag-redbullbatalladelosgallos","16":"tag-skone"},"jetpack_featured_media_url":"https:\/\/i0.wp.com\/denoticiasonline.com\/wp-content\/uploads\/2021\/12\/61b5bc5963f6c.r_d.557-540-4157.jpeg?fit=449%2C220&ssl=1","jetpack_sharing_enabled":true,"_links":{"self":[{"href":"https:\/\/denoticiasonline.com\/index.php\/wp-json\/wp\/v2\/posts\/30628","targetHints":{"allow":["GET"]}}],"collection":[{"href":"https:\/\/denoticiasonline.com\/index.php\/wp-json\/wp\/v2\/posts"}],"about":[{"href":"https:\/\/denoticiasonline.com\/index.php\/wp-json\/wp\/v2\/types\/post"}],"author":[{"embeddable":true,"href":"https:\/\/denoticiasonline.com\/index.php\/wp-json\/wp\/v2\/users\/21"}],"replies":[{"embeddable":true,"href":"https:\/\/denoticiasonline.com\/index.php\/wp-json\/wp\/v2\/comments?post=30628"}],"version-history":[{"count":2,"href":"https:\/\/denoticiasonline.com\/index.php\/wp-json\/wp\/v2\/posts\/30628\/revisions"}],"predecessor-version":[{"id":30634,"href":"https:\/\/denoticiasonline.com\/index.php\/wp-json\/wp\/v2\/posts\/30628\/revisions\/30634"}],"wp:featuredmedia":[{"embeddable":true,"href":"https:\/\/denoticiasonline.com\/index.php\/wp-json\/wp\/v2\/media\/30629"}],"wp:attachment":[{"href":"https:\/\/denoticiasonline.com\/index.php\/wp-json\/wp\/v2\/media?parent=30628"}],"wp:term":[{"taxonomy":"category","embeddable":true,"href":"https:\/\/denoticiasonline.com\/index.php\/wp-json\/wp\/v2\/categories?post=30628"},{"taxonomy":"post_tag","embeddable":true,"href":"https:\/\/denoticiasonline.com\/index.php\/wp-json\/wp\/v2\/tags?post=30628"}],"curies":[{"name":"wp","href":"https:\/\/api.w.org\/{rel}","templated":true}]}}