{"id":30537,"date":"2021-12-09T18:23:40","date_gmt":"2021-12-09T18:23:40","guid":{"rendered":"http:\/\/denoticiasonline.com\/?p=30537"},"modified":"2021-12-09T18:23:40","modified_gmt":"2021-12-09T18:23:40","slug":"20-anos-de-impunidad-por-las-victimas-de-represion-del-2001","status":"publish","type":"post","link":"https:\/\/denoticiasonline.com\/index.php\/2021\/12\/09\/20-anos-de-impunidad-por-las-victimas-de-represion-del-2001\/","title":{"rendered":"\u201c20 A\u00d1OS DE IMPUNIDAD\u201d POR LAS V\u00cdCTIMAS DE REPRESI\u00d3N DEL 2001"},"content":{"rendered":"\n<p>La Comisi\u00f3n Familiares y Amigos\/as de las v\u00edctimas del 19 y 20 de diciembre convocaron a una conferencia de prensa para hoy frente a los Tribunales de Comodoro Py para denunciar \u201c20 a\u00f1os de impunidad\u201d de los responsables pol\u00edticos y materiales de la represi\u00f3n de diciembre de 2001.<\/p>\n\n\n\n<p>La conferencia de prensa se iniciar\u00e1 a las 12.30, a 20 a\u00f1os del estallido social y la represi\u00f3n policial, en el marco de una crisis econ\u00f3mica y pol\u00edtica que termin\u00f3 con la presidencia de Fernando de la R\u00faa.<\/p>\n\n\n\n<p>\u201cQueremos recordar a nuestro pueblo acerca de los 20 A\u00d1OS DE IMPUNIDAD de la que gozan los responsables pol\u00edticos y materiales de la represi\u00f3n del 19 y 20 de diciembre de 2001, a merced de un Poder Judicial que hasta aqu\u00ed no ha hecho m\u00e1s que dilatar el cumplimiento efectivo de las condenas de los acusados, garantizando que los asesinos de nuestras\/os seres queridos se paseen libres por las calles de Argentina\u201d, expresaron desde la comisi\u00f3n a trav\u00e9s de un comunicado.<\/p>\n\n\n\n<p>Advirtieron que \u201ca 20 a\u00f1os de aquellas hist\u00f3ricas jornadas y a 5 a\u00f1os y medio de haber finalizado el juicio, a\u00fan no quedaron firmes las condenas de los responsables, aunque haya sido ampliamente comprobada su actuaci\u00f3n en los hechos\u201d.<\/p>\n\n\n\n<p>Se\u00f1alaron la responsabilidad \u201ctanto de Enrique Mathov (exsecretario de Seguridad de De la R\u00faa), como de la cadena de mando de las fuerzas policiales que han intervenido\u201d.<\/p>\n\n\n\n<p>Desde la comisi\u00f3n convocaron a los medios de comunicaci\u00f3n a \u201cacompa\u00f1ar\u201d la denuncia contra \u201clos asesinos de nuestro pueblo que contin\u00faan impunes\u201d.<\/p>\n","protected":false},"excerpt":{"rendered":"<p>La Comisi\u00f3n Familiares y Amigos\/as de las v\u00edctimas del 19 y 20 de diciembre convocaron a una conferencia de prensa para hoy frente a los Tribunales de Comodoro Py para denunciar \u201c20 a\u00f1os de impunidad\u201d de los responsables pol\u00edticos y materiales de la represi\u00f3n de diciembre de 2001. La conferencia de prensa se iniciar\u00e1 a [&hellip;]<\/p>\n","protected":false},"author":21,"featured_media":30538,"comment_status":"open","ping_status":"open","sticky":false,"template":"","format":"standard","meta":{"_jetpack_memberships_contains_paid_content":false,"footnotes":""},"categories":[33],"tags":[621,2881,2882,451,2880],"class_list":{"0":"post-30537","1":"post","2":"type-post","3":"status-publish","4":"format-standard","5":"has-post-thumbnail","7":"category-economia-merlo","8":"tag-argentina","9":"tag-crisis-2021","10":"tag-ddhh","11":"tag-politica-3","12":"tag-represion-2"},"jetpack_featured_media_url":"https:\/\/i0.wp.com\/denoticiasonline.com\/wp-content\/uploads\/2021\/12\/comodoro.jpg?fit=930%2C555&ssl=1","jetpack_sharing_enabled":true,"_links":{"self":[{"href":"https:\/\/denoticiasonline.com\/index.php\/wp-json\/wp\/v2\/posts\/30537","targetHints":{"allow":["GET"]}}],"collection":[{"href":"https:\/\/denoticiasonline.com\/index.php\/wp-json\/wp\/v2\/posts"}],"about":[{"href":"https:\/\/denoticiasonline.com\/index.php\/wp-json\/wp\/v2\/types\/post"}],"author":[{"embeddable":true,"href":"https:\/\/denoticiasonline.com\/index.php\/wp-json\/wp\/v2\/users\/21"}],"replies":[{"embeddable":true,"href":"https:\/\/denoticiasonline.com\/index.php\/wp-json\/wp\/v2\/comments?post=30537"}],"version-history":[{"count":1,"href":"https:\/\/denoticiasonline.com\/index.php\/wp-json\/wp\/v2\/posts\/30537\/revisions"}],"predecessor-version":[{"id":30539,"href":"https:\/\/denoticiasonline.com\/index.php\/wp-json\/wp\/v2\/posts\/30537\/revisions\/30539"}],"wp:featuredmedia":[{"embeddable":true,"href":"https:\/\/denoticiasonline.com\/index.php\/wp-json\/wp\/v2\/media\/30538"}],"wp:attachment":[{"href":"https:\/\/denoticiasonline.com\/index.php\/wp-json\/wp\/v2\/media?parent=30537"}],"wp:term":[{"taxonomy":"category","embeddable":true,"href":"https:\/\/denoticiasonline.com\/index.php\/wp-json\/wp\/v2\/categories?post=30537"},{"taxonomy":"post_tag","embeddable":true,"href":"https:\/\/denoticiasonline.com\/index.php\/wp-json\/wp\/v2\/tags?post=30537"}],"curies":[{"name":"wp","href":"https:\/\/api.w.org\/{rel}","templated":true}]}}