{"id":30222,"date":"2021-11-29T15:10:40","date_gmt":"2021-11-29T15:10:40","guid":{"rendered":"http:\/\/denoticiasonline.com\/?p=30222"},"modified":"2021-11-29T15:10:41","modified_gmt":"2021-11-29T15:10:41","slug":"kicillof-anuncio-la-vacunacion-libre-para-mayores-de-3-anos","status":"publish","type":"post","link":"https:\/\/denoticiasonline.com\/index.php\/2021\/11\/29\/kicillof-anuncio-la-vacunacion-libre-para-mayores-de-3-anos\/","title":{"rendered":"KICILLOF ANUNCI\u00d3 LA VACUNACI\u00d3N LIBRE PARA MAYORES DE 3 A\u00d1OS"},"content":{"rendered":"\n<p>El gobernador bonaerense, Axel Kicillof, anunci\u00f3 la vacunaci\u00f3n libre contra el coronavirus para mayores de tres a\u00f1os en a partir de este martes en toda la provincia de Buenos Aires.<\/p>\n\n\n\n<p>El mandatario hizo el anuncio durante&nbsp;una visita al Hospital Interzonal &#8220;San Juan de Dios&#8221; de La Plata, en donde record\u00f3 que el pa\u00eds atraviesa &#8220;una situaci\u00f3n de riesgo con la pandemia&#8221;.<\/p>\n\n\n\n<p>&#8220;Pensamos que no, que se iba a salir, que ya se hab\u00eda visto la posibilidad de la terminaci\u00f3n de la pandemia y, sin embargo, vemos que en Europa y en el hemisferio norte en general, andan ya no por la quinta, sino por la sexta ola\u201d, se\u00f1al\u00f3.<\/p>\n\n\n\n<p>\u201cVengo a dejar un mensaje: vacunense todos y todas. Tenemos las vacunas, tenemos los vacunatorios, tenemos la vocaci\u00f3n, la experiencia, el respaldo cient\u00edfico\u201d, continu\u00f3 el gobernador, y enfatiz\u00f3:&nbsp;\u201cLo que necesitamos hoy es que den el paso y se vacunen. Es un acto de much\u00edsima irresponsabilidad no vacunarse.&#8221;<\/p>\n\n\n\n<p>&#8220;El objetivo es que vacunarse sea una decisi\u00f3n, que cuando se tome, ocurra. Necesitamos que se vacunen las 16 millones de personas mayores de 3 a\u00f1os de la provincia, estamos en condiciones de hacerlo, tenemos la vacuna, necesitamos intensificar la concientizaci\u00f3n&#8221;, se\u00f1al\u00f3 el gobernador.<\/p>\n","protected":false},"excerpt":{"rendered":"<p>El gobernador bonaerense, Axel Kicillof, anunci\u00f3 la vacunaci\u00f3n libre contra el coronavirus para mayores de tres a\u00f1os en a partir de este martes en toda la provincia de Buenos Aires. El mandatario hizo el anuncio durante&nbsp;una visita al Hospital Interzonal &#8220;San Juan de Dios&#8221; de La Plata, en donde record\u00f3 que el pa\u00eds atraviesa &#8220;una [&hellip;]<\/p>\n","protected":false},"author":21,"featured_media":30223,"comment_status":"open","ping_status":"open","sticky":false,"template":"","format":"standard","meta":{"_jetpack_memberships_contains_paid_content":false,"footnotes":""},"categories":[24,108],"tags":[232,419,2724,2723],"class_list":{"0":"post-30222","1":"post","2":"type-post","3":"status-publish","4":"format-standard","5":"has-post-thumbnail","7":"category-economia-nacional","8":"category-sociedad-nacional","9":"tag-axel-kicillof","10":"tag-buenos-aires","11":"tag-mayores-de-3-anos","12":"tag-vacunacion-libre"},"jetpack_featured_media_url":"https:\/\/i0.wp.com\/denoticiasonline.com\/wp-content\/uploads\/2021\/11\/axel-kicillof-hizo-anuncios-en___LjNdEXeEn_2000x1500__1-e1638198612910.jpg?fit=1200%2C900&ssl=1","jetpack_sharing_enabled":true,"_links":{"self":[{"href":"https:\/\/denoticiasonline.com\/index.php\/wp-json\/wp\/v2\/posts\/30222","targetHints":{"allow":["GET"]}}],"collection":[{"href":"https:\/\/denoticiasonline.com\/index.php\/wp-json\/wp\/v2\/posts"}],"about":[{"href":"https:\/\/denoticiasonline.com\/index.php\/wp-json\/wp\/v2\/types\/post"}],"author":[{"embeddable":true,"href":"https:\/\/denoticiasonline.com\/index.php\/wp-json\/wp\/v2\/users\/21"}],"replies":[{"embeddable":true,"href":"https:\/\/denoticiasonline.com\/index.php\/wp-json\/wp\/v2\/comments?post=30222"}],"version-history":[{"count":1,"href":"https:\/\/denoticiasonline.com\/index.php\/wp-json\/wp\/v2\/posts\/30222\/revisions"}],"predecessor-version":[{"id":30224,"href":"https:\/\/denoticiasonline.com\/index.php\/wp-json\/wp\/v2\/posts\/30222\/revisions\/30224"}],"wp:featuredmedia":[{"embeddable":true,"href":"https:\/\/denoticiasonline.com\/index.php\/wp-json\/wp\/v2\/media\/30223"}],"wp:attachment":[{"href":"https:\/\/denoticiasonline.com\/index.php\/wp-json\/wp\/v2\/media?parent=30222"}],"wp:term":[{"taxonomy":"category","embeddable":true,"href":"https:\/\/denoticiasonline.com\/index.php\/wp-json\/wp\/v2\/categories?post=30222"},{"taxonomy":"post_tag","embeddable":true,"href":"https:\/\/denoticiasonline.com\/index.php\/wp-json\/wp\/v2\/tags?post=30222"}],"curies":[{"name":"wp","href":"https:\/\/api.w.org\/{rel}","templated":true}]}}