{"id":29591,"date":"2021-11-10T16:43:25","date_gmt":"2021-11-10T16:43:25","guid":{"rendered":"http:\/\/denoticiasonline.com\/?p=29591"},"modified":"2021-11-10T16:43:26","modified_gmt":"2021-11-10T16:43:26","slug":"merlo-se-realizara-una-jornada-de-actividades-de-reciclado","status":"publish","type":"post","link":"https:\/\/denoticiasonline.com\/index.php\/2021\/11\/10\/merlo-se-realizara-una-jornada-de-actividades-de-reciclado\/","title":{"rendered":"MERLO: SE REALIZAR\u00c1 UNA JORNADA DE ACTIVIDADES DE RECICLADO"},"content":{"rendered":"\n<p>La Secretar\u00eda de Delegaciones junto a la Subsecretar\u00eda de Ecolog\u00eda realizaran el viernes 12 de noviembre una jornada de \u201cRecicla con Todas las Letras\u201d y del \u201cTaller de Arte Reciclado\u201d en el Parque Cultural, en San Antonio de Padua.<\/p>\n\n\n\n<p>La primera actividad \u201cRecicl\u00e1 con Todas las Letras\u201d estar\u00e1 todos los viernes de 10 a 14 hs, y contar\u00e1 con un stand para poder&nbsp; llevar tus libros usados a cambio de libros nuevos.<\/p>\n\n\n\n<p>La segunda actividad que se desarrollara ser\u00e1 \u201cEl Taller de Arte Reciclado\u201d en el horario de 11 a 13hs, que consistir\u00e1 en la reutilizaci\u00f3n de neum\u00e1ticos por Antonio D\u00edaz, con el fin de recrear obras de arte.<\/p>\n\n\n\n<p>La campa\u00f1a tambi\u00e9n cuenta con la estaci\u00f3n de recepci\u00f3n de reciclaje, donde los vecinos van a poder llevar sus productos secos y limpios, como pl\u00e1sticos, papel, cart\u00f3n, metal, CDs, DVD Y A.V.U.<\/p>\n\n\n\n<p>Se ubicaran en el Parque Cultural en Av.Pte Juan Domingo Per\u00f3n 23850, San Antonio de Padua.<\/p>\n","protected":false},"excerpt":{"rendered":"<p>La Secretar\u00eda de Delegaciones junto a la Subsecretar\u00eda de Ecolog\u00eda realizaran el viernes 12 de noviembre una jornada de \u201cRecicla con Todas las Letras\u201d y del \u201cTaller de Arte Reciclado\u201d en el Parque Cultural, en San Antonio de Padua. La primera actividad \u201cRecicl\u00e1 con Todas las Letras\u201d estar\u00e1 todos los viernes de 10 a 14 [&hellip;]<\/p>\n","protected":false},"author":21,"featured_media":29592,"comment_status":"open","ping_status":"open","sticky":false,"template":"","format":"standard","meta":{"_jetpack_memberships_contains_paid_content":false,"footnotes":""},"categories":[33,57],"tags":[107,2412,58,643],"class_list":{"0":"post-29591","1":"post","2":"type-post","3":"status-publish","4":"format-standard","5":"has-post-thumbnail","7":"category-economia-merlo","8":"category-sociedad-merlo-merlo-municipio-de-merlo","9":"tag-gustavo-menendez","10":"tag-jornada","11":"tag-merlo","12":"tag-reciclaje"},"jetpack_featured_media_url":"https:\/\/i0.wp.com\/denoticiasonline.com\/wp-content\/uploads\/2021\/11\/WhatsApp-Image-2021-11-10-at-12.21.33-e1636562592421.jpeg?fit=1280%2C1056&ssl=1","jetpack_sharing_enabled":true,"_links":{"self":[{"href":"https:\/\/denoticiasonline.com\/index.php\/wp-json\/wp\/v2\/posts\/29591","targetHints":{"allow":["GET"]}}],"collection":[{"href":"https:\/\/denoticiasonline.com\/index.php\/wp-json\/wp\/v2\/posts"}],"about":[{"href":"https:\/\/denoticiasonline.com\/index.php\/wp-json\/wp\/v2\/types\/post"}],"author":[{"embeddable":true,"href":"https:\/\/denoticiasonline.com\/index.php\/wp-json\/wp\/v2\/users\/21"}],"replies":[{"embeddable":true,"href":"https:\/\/denoticiasonline.com\/index.php\/wp-json\/wp\/v2\/comments?post=29591"}],"version-history":[{"count":1,"href":"https:\/\/denoticiasonline.com\/index.php\/wp-json\/wp\/v2\/posts\/29591\/revisions"}],"predecessor-version":[{"id":29593,"href":"https:\/\/denoticiasonline.com\/index.php\/wp-json\/wp\/v2\/posts\/29591\/revisions\/29593"}],"wp:featuredmedia":[{"embeddable":true,"href":"https:\/\/denoticiasonline.com\/index.php\/wp-json\/wp\/v2\/media\/29592"}],"wp:attachment":[{"href":"https:\/\/denoticiasonline.com\/index.php\/wp-json\/wp\/v2\/media?parent=29591"}],"wp:term":[{"taxonomy":"category","embeddable":true,"href":"https:\/\/denoticiasonline.com\/index.php\/wp-json\/wp\/v2\/categories?post=29591"},{"taxonomy":"post_tag","embeddable":true,"href":"https:\/\/denoticiasonline.com\/index.php\/wp-json\/wp\/v2\/tags?post=29591"}],"curies":[{"name":"wp","href":"https:\/\/api.w.org\/{rel}","templated":true}]}}