{"id":29380,"date":"2021-11-04T16:20:31","date_gmt":"2021-11-04T16:20:31","guid":{"rendered":"http:\/\/denoticiasonline.com\/?p=29380"},"modified":"2023-12-13T18:45:23","modified_gmt":"2023-12-13T18:45:23","slug":"el-mensaje-de-alberto-fernandez-a-cristina-fernandez-tras-su-operacion","status":"publish","type":"post","link":"https:\/\/denoticiasonline.com\/index.php\/2021\/11\/04\/el-mensaje-de-alberto-fernandez-a-cristina-fernandez-tras-su-operacion\/","title":{"rendered":"EL MENSAJE DE ALBERTO FERN\u00c1NDEZ A CRISTINA FERN\u00c1NDEZ TRAS SU OPERACI\u00d3N"},"content":{"rendered":"\n<p>El presidente\u00a0Alberto Fern\u00e1ndez\u00a0comparti\u00f3\u00a0un mensaje de apoyo\u00a0a la vicepresidenta\u00a0Cristina Fern\u00e1ndez de Kirchner, quien se realiz\u00f3 este jueves una\u00a0histerectom\u00eda\u00a0en el Sanatorio Otamendi.\u00a0<\/p>\n\n\n\n<figure class=\"wp-block-embed is-type-rich is-provider-twitter wp-block-embed-twitter\"><div class=\"wp-block-embed__wrapper\">\n<blockquote class=\"twitter-tweet\" data-width=\"550\" data-dnt=\"true\"><p lang=\"es\" dir=\"ltr\">Todo mi cari\u00f1o.<br>Te deseo una pronta recuperaci\u00f3n.<br>Nos vemos muy pronto.<br>Besos. <a href=\"https:\/\/twitter.com\/hashtag\/FuerzaCristina?src=hash&amp;ref_src=twsrc%5Etfw\">#FuerzaCristina<\/a> <a href=\"https:\/\/t.co\/I6kiMB8k7Z\">pic.twitter.com\/I6kiMB8k7Z<\/a><\/p>&mdash; Alberto Fern\u00e1ndez (@alferdez) <a href=\"https:\/\/twitter.com\/alferdez\/status\/1456267742235926535?ref_src=twsrc%5Etfw\">November 4, 2021<\/a><\/blockquote><script async src=\"https:\/\/platform.twitter.com\/widgets.js\" charset=\"utf-8\"><\/script>\n<\/div><\/figure>\n\n\n\n<p>La vicepresidenta debi\u00f3 someterse a una histerectom\u00eda, una intervenci\u00f3n mediante la cual se extirpa el \u00fatero y, eventualmente, tambi\u00e9n los ovarios y las trompas de Falopio. Fern\u00e1ndez de Kirchner lleg\u00f3 a las 6:45 al Sanatorio Otamendi, donde ya se hab\u00eda tratado anteriormente.<\/p>\n\n\n\n<p>El primer&nbsp;parte m\u00e9dico inform\u00f3 que&nbsp;la vicepresidenta se encuentra en buen estado de salud y cursando un &#8220;postoperatorio normal&#8221;. Se prev\u00e9 que la internaci\u00f3n dure entre tres y cinco d\u00edas y que luego contin\u00fae la recuperaci\u00f3n en su domicilio<\/p>\n","protected":false},"excerpt":{"rendered":"<p>El presidente\u00a0Alberto Fern\u00e1ndez\u00a0comparti\u00f3\u00a0un mensaje de apoyo\u00a0a la vicepresidenta\u00a0Cristina Fern\u00e1ndez de Kirchner, quien se realiz\u00f3 este jueves una\u00a0histerectom\u00eda\u00a0en el Sanatorio Otamendi.\u00a0 La vicepresidenta debi\u00f3 someterse a una histerectom\u00eda, una intervenci\u00f3n mediante la cual se extirpa el \u00fatero y, eventualmente, tambi\u00e9n los ovarios y las trompas de Falopio. Fern\u00e1ndez de Kirchner lleg\u00f3 a las 6:45 al Sanatorio [&hellip;]<\/p>\n","protected":false},"author":21,"featured_media":29381,"comment_status":"open","ping_status":"open","sticky":false,"template":"","format":"standard","meta":{"_jetpack_memberships_contains_paid_content":false,"footnotes":""},"categories":[7664],"tags":[771,2286,2284,2287,2285,104],"class_list":{"0":"post-29380","1":"post","2":"type-post","3":"status-publish","4":"format-standard","5":"has-post-thumbnail","7":"category-politica-nacional","8":"tag-alberto-fernandez-2","9":"tag-apoyo","10":"tag-cristina-fernandez","11":"tag-histerectomia","12":"tag-mensaje","13":"tag-operacion"},"jetpack_featured_media_url":"https:\/\/i0.wp.com\/denoticiasonline.com\/wp-content\/uploads\/2021\/11\/unnamed-1-1-1.jpg?fit=800%2C400&ssl=1","jetpack_sharing_enabled":true,"_links":{"self":[{"href":"https:\/\/denoticiasonline.com\/index.php\/wp-json\/wp\/v2\/posts\/29380","targetHints":{"allow":["GET"]}}],"collection":[{"href":"https:\/\/denoticiasonline.com\/index.php\/wp-json\/wp\/v2\/posts"}],"about":[{"href":"https:\/\/denoticiasonline.com\/index.php\/wp-json\/wp\/v2\/types\/post"}],"author":[{"embeddable":true,"href":"https:\/\/denoticiasonline.com\/index.php\/wp-json\/wp\/v2\/users\/21"}],"replies":[{"embeddable":true,"href":"https:\/\/denoticiasonline.com\/index.php\/wp-json\/wp\/v2\/comments?post=29380"}],"version-history":[{"count":1,"href":"https:\/\/denoticiasonline.com\/index.php\/wp-json\/wp\/v2\/posts\/29380\/revisions"}],"predecessor-version":[{"id":29382,"href":"https:\/\/denoticiasonline.com\/index.php\/wp-json\/wp\/v2\/posts\/29380\/revisions\/29382"}],"wp:featuredmedia":[{"embeddable":true,"href":"https:\/\/denoticiasonline.com\/index.php\/wp-json\/wp\/v2\/media\/29381"}],"wp:attachment":[{"href":"https:\/\/denoticiasonline.com\/index.php\/wp-json\/wp\/v2\/media?parent=29380"}],"wp:term":[{"taxonomy":"category","embeddable":true,"href":"https:\/\/denoticiasonline.com\/index.php\/wp-json\/wp\/v2\/categories?post=29380"},{"taxonomy":"post_tag","embeddable":true,"href":"https:\/\/denoticiasonline.com\/index.php\/wp-json\/wp\/v2\/tags?post=29380"}],"curies":[{"name":"wp","href":"https:\/\/api.w.org\/{rel}","templated":true}]}}