{"id":28223,"date":"2021-09-29T21:41:02","date_gmt":"2021-09-29T21:41:02","guid":{"rendered":"http:\/\/denoticiasonline.com\/?p=28223"},"modified":"2023-12-13T15:41:11","modified_gmt":"2023-12-13T15:41:11","slug":"345-hospitales-bonaerenses-no-tuvieron-internados-por-covid-en-la-ultima-semana","status":"publish","type":"post","link":"https:\/\/denoticiasonline.com\/index.php\/2021\/09\/29\/345-hospitales-bonaerenses-no-tuvieron-internados-por-covid-en-la-ultima-semana\/","title":{"rendered":"345 HOSPITALES BONAERENSES NO TUVIERON INTERNADOS POR COVID EN LA ULTIMA SEMANA"},"content":{"rendered":"\n<p>Nicol\u00e1s Kreplak anunci\u00f3 que un total de 345 hospitales p\u00fablicos y privados bonaerenses no registraron nuevos pacientes internados en terapia intensiva en los \u00faltimos siete d\u00edas.<\/p>\n\n\n\n<p>Adem\u00e1s, seg\u00fan inform\u00f3 el sanitarista, el 68% de los centros de salud no report\u00f3 nuevas internaciones en los \u00faltimos 30 d\u00edas.&nbsp;<em>\u201cEstamos saliendo. Tenemos un pueblo vacunado y fuerte para el futuro. Sigamos as\u00ed<\/em>\u201c, celebr\u00f3.<\/p>\n\n\n\n<p><em>\u201cDespu\u00e9s de la angustia, el dolor, la incertidumbre y tantas otras cosas que gener\u00f3 la pandemia, cumplimos una semana sin ninguna nueva internaci\u00f3n en UTI por Covid-19 en 345 hospitales de la Provincia\u201d,<\/em>\u00a0poste\u00f3 en Twitter el funcionario provincial.<\/p>\n\n\n\n<figure class=\"wp-block-embed is-type-rich is-provider-twitter wp-block-embed-twitter\"><div class=\"wp-block-embed__wrapper\">\n<blockquote class=\"twitter-tweet\" data-width=\"550\" data-dnt=\"true\"><p lang=\"es\" dir=\"ltr\">Despu\u00e9s de la angustia, el dolor, la incertidumbre y tantas otras cosas que gener\u00f3 la pandemia, cumplimos una semana sin ninguna nueva internaci\u00f3n en UTI por COVID en 345 hospitales de <a href=\"https:\/\/twitter.com\/BAProvincia?ref_src=twsrc%5Etfw\">@BAProvincia<\/a>. Estamos saliendo. Tenemos un pueblo vacunado y fuerte para el futuro. Sigamos as\u00ed <a href=\"https:\/\/t.co\/vdBPVOsYUm\">pic.twitter.com\/vdBPVOsYUm<\/a><\/p>&mdash; Nicol\u00e1s Kreplak (@nkreplak) <a href=\"https:\/\/twitter.com\/nkreplak\/status\/1443025323529056263?ref_src=twsrc%5Etfw\">September 29, 2021<\/a><\/blockquote><script async src=\"https:\/\/platform.twitter.com\/widgets.js\" charset=\"utf-8\"><\/script>\n<\/div><\/figure>\n\n\n\n<p>En una imagen con la que acompa\u00f1\u00f3 el posteo, el ministro destac\u00f3\u00a0<em>que \u201cninguno report\u00f3 nuevas internaciones Covid-19 en los \u00faltimos 7 d\u00edas\u201d<\/em>\u00a0y, adem\u00e1s, subray\u00f3 que el 68% de los centros de salud (235) no report\u00f3 nuevas internaciones por coronavirus en los \u00faltimos 30 d\u00edas en ninguno de sus niveles.<\/p>\n","protected":false},"excerpt":{"rendered":"<p>Nicol\u00e1s Kreplak anunci\u00f3 que un total de 345 hospitales p\u00fablicos y privados bonaerenses no registraron nuevos pacientes internados en terapia intensiva en los \u00faltimos siete d\u00edas. Adem\u00e1s, seg\u00fan inform\u00f3 el sanitarista, el 68% de los centros de salud no report\u00f3 nuevas internaciones en los \u00faltimos 30 d\u00edas.&nbsp;\u201cEstamos saliendo. Tenemos un pueblo vacunado y fuerte para [&hellip;]<\/p>\n","protected":false},"author":21,"featured_media":28225,"comment_status":"open","ping_status":"open","sticky":false,"template":"","format":"standard","meta":{"_jetpack_memberships_contains_paid_content":false,"footnotes":""},"categories":[8491],"tags":[36,252,126,128],"class_list":{"0":"post-28223","1":"post","2":"type-post","3":"status-publish","4":"format-standard","5":"has-post-thumbnail","7":"category-salud-nacional","8":"tag-coronavirus","9":"tag-covid-19","10":"tag-hospitales-bonaerenses","11":"tag-nicolas-kreplak"},"jetpack_featured_media_url":"https:\/\/i0.wp.com\/denoticiasonline.com\/wp-content\/uploads\/2021\/09\/Portada-50-1024x612-1.jpg?fit=1024%2C612&ssl=1","jetpack_sharing_enabled":true,"_links":{"self":[{"href":"https:\/\/denoticiasonline.com\/index.php\/wp-json\/wp\/v2\/posts\/28223","targetHints":{"allow":["GET"]}}],"collection":[{"href":"https:\/\/denoticiasonline.com\/index.php\/wp-json\/wp\/v2\/posts"}],"about":[{"href":"https:\/\/denoticiasonline.com\/index.php\/wp-json\/wp\/v2\/types\/post"}],"author":[{"embeddable":true,"href":"https:\/\/denoticiasonline.com\/index.php\/wp-json\/wp\/v2\/users\/21"}],"replies":[{"embeddable":true,"href":"https:\/\/denoticiasonline.com\/index.php\/wp-json\/wp\/v2\/comments?post=28223"}],"version-history":[{"count":2,"href":"https:\/\/denoticiasonline.com\/index.php\/wp-json\/wp\/v2\/posts\/28223\/revisions"}],"predecessor-version":[{"id":28226,"href":"https:\/\/denoticiasonline.com\/index.php\/wp-json\/wp\/v2\/posts\/28223\/revisions\/28226"}],"wp:featuredmedia":[{"embeddable":true,"href":"https:\/\/denoticiasonline.com\/index.php\/wp-json\/wp\/v2\/media\/28225"}],"wp:attachment":[{"href":"https:\/\/denoticiasonline.com\/index.php\/wp-json\/wp\/v2\/media?parent=28223"}],"wp:term":[{"taxonomy":"category","embeddable":true,"href":"https:\/\/denoticiasonline.com\/index.php\/wp-json\/wp\/v2\/categories?post=28223"},{"taxonomy":"post_tag","embeddable":true,"href":"https:\/\/denoticiasonline.com\/index.php\/wp-json\/wp\/v2\/tags?post=28223"}],"curies":[{"name":"wp","href":"https:\/\/api.w.org\/{rel}","templated":true}]}}