{"id":27479,"date":"2021-09-07T14:46:32","date_gmt":"2021-09-07T14:46:32","guid":{"rendered":"http:\/\/denoticiasonline.com\/?p=27479"},"modified":"2023-12-12T16:41:02","modified_gmt":"2023-12-12T16:41:02","slug":"el-club-despues-del-cole-celebro-cinco-anos-de-vida-en-balcarce","status":"publish","type":"post","link":"https:\/\/denoticiasonline.com\/index.php\/2021\/09\/07\/el-club-despues-del-cole-celebro-cinco-anos-de-vida-en-balcarce\/","title":{"rendered":"EL \u201cCLUB DESPU\u00c9S DEL COLE\u201d CELEBR\u00d3 CINCO A\u00d1OS DE VIDA EN BALCARCE"},"content":{"rendered":"\n<p>Se realiz\u00f3 el festejo del quinto aniversario del Programa Municipal \u201cClub despu\u00e9s del Cole\u201d, que depende de la Secretar\u00eda de Desarrollo Social de Balcarce, en el predio de Los Patos F\u00fatbol Club el pasado s\u00e1bado.<\/p>\n\n\n\n<p>\u201cTodos los festejos de cumplea\u00f1os es para nosotros una gran alegr\u00eda. Vivirlo con nuestros chicos, sus familias y las nuestras es todo una fiesta\u201d, expres\u00f3 su coordinadora, Fara Amado Cunqueiro.<\/p>\n\n\n\n<p>Record\u00f3 que la propuesta arranc\u00f3 en 2016 en la sede del CIC II, actual sede \u201cIntegraci\u00f3n\u201d, y que desde entonces el crecimiento ha sido constante. \u201cCada a\u00f1o que pas\u00f3 nos permiti\u00f3 abrir m\u00e1s lugares para estar m\u00e1s cerca de las familias y los chicos\u201d, remarc\u00f3.<\/p>\n\n\n\n<p>En ese sentido, detall\u00f3 que son nueve las sedes con las que est\u00e1n funcionando, por lo que aprovech\u00f3 para agradecer a las autoridades municipales, al equipo que la secunda y, especialmente, a los chicos ya que \u201cson nuestro motor y nos<br>bancan\u201d.<\/p>\n\n\n\n<p>En tanto, se\u00f1al\u00f3 que son los propios ni\u00f1os del programa los que eligen hacer el festejo, con juegos y actividades caracter\u00edsticas del Programa. \u201cEs una fiesta de ellos, para ellos y en este contexto de pandemia lo fuimos manejando con cada una de las sedes con mucho control y cuidados\u201d, indic\u00f3 Cunqueiro.<\/p>\n","protected":false},"excerpt":{"rendered":"<p>Se realiz\u00f3 el festejo del quinto aniversario del Programa Municipal \u201cClub despu\u00e9s del Cole\u201d, que depende de la Secretar\u00eda de Desarrollo Social de Balcarce, en el predio de Los Patos F\u00fatbol Club el pasado s\u00e1bado. \u201cTodos los festejos de cumplea\u00f1os es para nosotros una gran alegr\u00eda. Vivirlo con nuestros chicos, sus familias y las nuestras [&hellip;]<\/p>\n","protected":false},"author":21,"featured_media":27480,"comment_status":"open","ping_status":"open","sticky":false,"template":"","format":"standard","meta":{"_jetpack_memberships_contains_paid_content":false,"footnotes":""},"categories":[108],"tags":[970,156,969,971],"class_list":{"0":"post-27479","1":"post","2":"type-post","3":"status-publish","4":"format-standard","5":"has-post-thumbnail","7":"category-sociedad-nacional","8":"tag-aniversario","9":"tag-balcarce","10":"tag-club","11":"tag-festejo"},"jetpack_featured_media_url":"https:\/\/i0.wp.com\/denoticiasonline.com\/wp-content\/uploads\/2021\/09\/Festejo-2.jpeg?fit=1280%2C720&ssl=1","jetpack_sharing_enabled":true,"_links":{"self":[{"href":"https:\/\/denoticiasonline.com\/index.php\/wp-json\/wp\/v2\/posts\/27479","targetHints":{"allow":["GET"]}}],"collection":[{"href":"https:\/\/denoticiasonline.com\/index.php\/wp-json\/wp\/v2\/posts"}],"about":[{"href":"https:\/\/denoticiasonline.com\/index.php\/wp-json\/wp\/v2\/types\/post"}],"author":[{"embeddable":true,"href":"https:\/\/denoticiasonline.com\/index.php\/wp-json\/wp\/v2\/users\/21"}],"replies":[{"embeddable":true,"href":"https:\/\/denoticiasonline.com\/index.php\/wp-json\/wp\/v2\/comments?post=27479"}],"version-history":[{"count":1,"href":"https:\/\/denoticiasonline.com\/index.php\/wp-json\/wp\/v2\/posts\/27479\/revisions"}],"predecessor-version":[{"id":27481,"href":"https:\/\/denoticiasonline.com\/index.php\/wp-json\/wp\/v2\/posts\/27479\/revisions\/27481"}],"wp:featuredmedia":[{"embeddable":true,"href":"https:\/\/denoticiasonline.com\/index.php\/wp-json\/wp\/v2\/media\/27480"}],"wp:attachment":[{"href":"https:\/\/denoticiasonline.com\/index.php\/wp-json\/wp\/v2\/media?parent=27479"}],"wp:term":[{"taxonomy":"category","embeddable":true,"href":"https:\/\/denoticiasonline.com\/index.php\/wp-json\/wp\/v2\/categories?post=27479"},{"taxonomy":"post_tag","embeddable":true,"href":"https:\/\/denoticiasonline.com\/index.php\/wp-json\/wp\/v2\/tags?post=27479"}],"curies":[{"name":"wp","href":"https:\/\/api.w.org\/{rel}","templated":true}]}}