{"id":27132,"date":"2021-08-30T16:11:41","date_gmt":"2021-08-30T16:11:41","guid":{"rendered":"http:\/\/denoticiasonline.com\/?p=27132"},"modified":"2023-12-12T16:16:08","modified_gmt":"2023-12-12T16:16:08","slug":"elecciones-2021-gustavo-valdes-es-reelecto-en-corrientes","status":"publish","type":"post","link":"https:\/\/denoticiasonline.com\/index.php\/2021\/08\/30\/elecciones-2021-gustavo-valdes-es-reelecto-en-corrientes\/","title":{"rendered":"ELECCIONES 2021: GUSTAVO VALD\u00c9S ES REELECTO EN CORRIENTES"},"content":{"rendered":"\n<p>A dos semanas de las PASO, el gobernador radical, Gustavo Vald\u00e9s, consigui\u00f3 su reelecci\u00f3n hasta 2025 con el 76,76% de los votos, mientras que el candidato Fabi\u00e1n R\u00edos del Frente de Todos admiti\u00f3 la derrota.<\/p>\n\n\n\n<p>Este domingo, en el marco de los comicios que se realizaron para elegir gobernador y legisladores provinciales, vot\u00f3 el 65,46% del padr\u00f3n habilitado, mientras que el 34,54% no concurri\u00f3 a las urnas.<\/p>\n\n\n\n<p><em>\u201cEste triunfo contundente nos debe servir para respetar a\u00fan m\u00e1s la Rep\u00fablica, la libertad y la soberan\u00eda popular\u201d<\/em>, sentenci\u00f3 el mandatario provincial.<\/p>\n\n\n\n<p>A modo de festejo, Vald\u00e9s sali\u00f3 de recorrida por el centro correntino, acompa\u00f1ado por una multitud y remarc\u00f3:&nbsp;<em>\u201cNo soy yo, el que tiene el 75 por ciento de los votos, sino que es el camino de la modernizaci\u00f3n, la producci\u00f3n y el trabajo\u201d<\/em>.<\/p>\n\n\n\n<p>Por su parte, R\u00edos reconoci\u00f3 su derrota&nbsp;en una conferencia de prensa que dio en el b\u00fanker del PJ provincial y asegur\u00f3 que, en lo personal, transit\u00f3 su camino \u201cdesde los m\u00e1s profundo\u201d de sus convicciones.<\/p>\n\n\n\n<p>En ese sentido, puntualiz\u00f3:&nbsp;<em>\u201cFelicito a quienes ganaron. Asumo personalmente la derrota&nbsp;y les pido a mis compa\u00f1eros que no se deben abandonar las convicciones\u201d<\/em>.<\/p>\n","protected":false},"excerpt":{"rendered":"<p>A dos semanas de las PASO, el gobernador radical, Gustavo Vald\u00e9s, consigui\u00f3 su reelecci\u00f3n hasta 2025 con el 76,76% de los votos, mientras que el candidato Fabi\u00e1n R\u00edos del Frente de Todos admiti\u00f3 la derrota. Este domingo, en el marco de los comicios que se realizaron para elegir gobernador y legisladores provinciales, vot\u00f3 el 65,46% [&hellip;]<\/p>\n","protected":false},"author":21,"featured_media":27133,"comment_status":"open","ping_status":"open","sticky":false,"template":"","format":"standard","meta":{"_jetpack_memberships_contains_paid_content":false,"footnotes":""},"categories":[7664],"tags":[781,780,782],"class_list":{"0":"post-27132","1":"post","2":"type-post","3":"status-publish","4":"format-standard","5":"has-post-thumbnail","7":"category-politica-nacional","8":"tag-corrientes","9":"tag-elecciones","10":"tag-valdes"},"jetpack_featured_media_url":"https:\/\/i0.wp.com\/denoticiasonline.com\/wp-content\/uploads\/2021\/08\/5cd352c6f251e_1004x565.jpg?fit=1004%2C565&ssl=1","jetpack_sharing_enabled":true,"_links":{"self":[{"href":"https:\/\/denoticiasonline.com\/index.php\/wp-json\/wp\/v2\/posts\/27132","targetHints":{"allow":["GET"]}}],"collection":[{"href":"https:\/\/denoticiasonline.com\/index.php\/wp-json\/wp\/v2\/posts"}],"about":[{"href":"https:\/\/denoticiasonline.com\/index.php\/wp-json\/wp\/v2\/types\/post"}],"author":[{"embeddable":true,"href":"https:\/\/denoticiasonline.com\/index.php\/wp-json\/wp\/v2\/users\/21"}],"replies":[{"embeddable":true,"href":"https:\/\/denoticiasonline.com\/index.php\/wp-json\/wp\/v2\/comments?post=27132"}],"version-history":[{"count":1,"href":"https:\/\/denoticiasonline.com\/index.php\/wp-json\/wp\/v2\/posts\/27132\/revisions"}],"predecessor-version":[{"id":27134,"href":"https:\/\/denoticiasonline.com\/index.php\/wp-json\/wp\/v2\/posts\/27132\/revisions\/27134"}],"wp:featuredmedia":[{"embeddable":true,"href":"https:\/\/denoticiasonline.com\/index.php\/wp-json\/wp\/v2\/media\/27133"}],"wp:attachment":[{"href":"https:\/\/denoticiasonline.com\/index.php\/wp-json\/wp\/v2\/media?parent=27132"}],"wp:term":[{"taxonomy":"category","embeddable":true,"href":"https:\/\/denoticiasonline.com\/index.php\/wp-json\/wp\/v2\/categories?post=27132"},{"taxonomy":"post_tag","embeddable":true,"href":"https:\/\/denoticiasonline.com\/index.php\/wp-json\/wp\/v2\/tags?post=27132"}],"curies":[{"name":"wp","href":"https:\/\/api.w.org\/{rel}","templated":true}]}}