{"id":26739,"date":"2021-08-17T19:17:39","date_gmt":"2021-08-17T19:17:39","guid":{"rendered":"http:\/\/denoticiasonline.com\/?p=26739"},"modified":"2021-08-17T20:37:07","modified_gmt":"2021-08-17T20:37:07","slug":"merlo-homenaje-conmemorativo-por-un-nuevo-aniversario-de-la-muerte-del-general-san-martin","status":"publish","type":"post","link":"https:\/\/denoticiasonline.com\/index.php\/2021\/08\/17\/merlo-homenaje-conmemorativo-por-un-nuevo-aniversario-de-la-muerte-del-general-san-martin\/","title":{"rendered":"MERLO: HOMENAJE CONMEMORATIVO POR UN NUEVO ANIVERSARIO DE LA MUERTE DEL GENERAL SAN MARTIN"},"content":{"rendered":"\n<p>Esta ma\u00f1ana, el Municipio de Merlo rindi\u00f3 un nuevo homenaje conmemorativo por un nuevo aniversario de la muerte del General San Martin. El acto se realiz\u00f3 frente a la estaci\u00f3n de Merlo.<\/p>\n\n\n\n<p>En el acto estuvo Alejandra Hahn, perteneciente al Honorable Concejo Deliberante, que expres\u00f3:&nbsp;<em>\u201c171 a\u00f1os del paso a la inmortalidad, un hombre que por momentos lo ponemos en el bronce y por momentos lo borramos de la historia, no solo fue un gran pol\u00edtico sino fue una gran persona, cuya actuaci\u00f3n en nuestra historia no duro mucho tiempo, no fueron m\u00e1s de 10 a\u00f1os y fue al exilio por v\u00edctima de la mala prensa de los malos juicios y de la mala justicia\u201d<\/em>.<\/p>\n\n\n\n<p><em>\u201cLa verdad que, si pudi\u00e9ramos recuperar esos valores de seguir ese camino y esa b\u00fasqueda de la Patria Grande de toda Latinoam\u00e9rica, se llegar\u00eda a hacer inmensamente feliz a todo su pueblo. Ac\u00e1 venimos a dejar nuestro recordatorio, pero el recordatorio lo tenemos que llevar a cada paso que vamos en la actuaci\u00f3n de nuestra gesti\u00f3n y nuestros d\u00edas como militantes\u201d<\/em>, agreg\u00f3.<\/p>\n\n\n\n<p>Por otra parte, Juan Manuel Lippo, concejal y candidato a renovar la banca, coment\u00f3 que&nbsp;<em>\u201ctodo el arco pol\u00edtico lo recuerda, pero nosotros lo sentimos propio\u201d<\/em>.<\/p>\n\n\n\n<p><em>\u201cEl general San Martin no estar\u00eda sentado en la mesa con el Fondo Monetario Internacional, no estar\u00eda militando la anticuarentena y la antivacuna, deseando el fracaso a los gobiernos para que muera la gente. Yo estoy convencido que el general San Martin estar\u00eda con nosotros acompa\u00f1ando la campa\u00f1a de vacunaci\u00f3n m\u00e1s importante de la historia\u201d<\/em>, cerr\u00f3 Lippo.<\/p>\n\n\n\n<ul class=\"wp-block-list\"><li><\/li><\/ul>\n","protected":false},"excerpt":{"rendered":"<p>Esta ma\u00f1ana, el Municipio de Merlo rindi\u00f3 un nuevo homenaje conmemorativo por un nuevo aniversario de la muerte del General San Martin. El acto se realiz\u00f3 frente a la estaci\u00f3n de Merlo. En el acto estuvo Alejandra Hahn, perteneciente al Honorable Concejo Deliberante, que expres\u00f3:&nbsp;\u201c171 a\u00f1os del paso a la inmortalidad, un hombre que por [&hellip;]<\/p>\n","protected":false},"author":21,"featured_media":26740,"comment_status":"open","ping_status":"open","sticky":false,"template":"","format":"standard","meta":{"_jetpack_memberships_contains_paid_content":false,"footnotes":""},"categories":[57],"tags":[573,58,572],"class_list":{"0":"post-26739","1":"post","2":"type-post","3":"status-publish","4":"format-standard","5":"has-post-thumbnail","7":"category-sociedad-merlo-merlo-municipio-de-merlo","8":"tag-homenaje","9":"tag-merlo","10":"tag-san-martin"},"jetpack_featured_media_url":"https:\/\/i0.wp.com\/denoticiasonline.com\/wp-content\/uploads\/2021\/08\/Homenaje-San-Marton-4.jpg?fit=1200%2C800&ssl=1","jetpack_sharing_enabled":true,"_links":{"self":[{"href":"https:\/\/denoticiasonline.com\/index.php\/wp-json\/wp\/v2\/posts\/26739","targetHints":{"allow":["GET"]}}],"collection":[{"href":"https:\/\/denoticiasonline.com\/index.php\/wp-json\/wp\/v2\/posts"}],"about":[{"href":"https:\/\/denoticiasonline.com\/index.php\/wp-json\/wp\/v2\/types\/post"}],"author":[{"embeddable":true,"href":"https:\/\/denoticiasonline.com\/index.php\/wp-json\/wp\/v2\/users\/21"}],"replies":[{"embeddable":true,"href":"https:\/\/denoticiasonline.com\/index.php\/wp-json\/wp\/v2\/comments?post=26739"}],"version-history":[{"count":1,"href":"https:\/\/denoticiasonline.com\/index.php\/wp-json\/wp\/v2\/posts\/26739\/revisions"}],"predecessor-version":[{"id":26741,"href":"https:\/\/denoticiasonline.com\/index.php\/wp-json\/wp\/v2\/posts\/26739\/revisions\/26741"}],"wp:featuredmedia":[{"embeddable":true,"href":"https:\/\/denoticiasonline.com\/index.php\/wp-json\/wp\/v2\/media\/26740"}],"wp:attachment":[{"href":"https:\/\/denoticiasonline.com\/index.php\/wp-json\/wp\/v2\/media?parent=26739"}],"wp:term":[{"taxonomy":"category","embeddable":true,"href":"https:\/\/denoticiasonline.com\/index.php\/wp-json\/wp\/v2\/categories?post=26739"},{"taxonomy":"post_tag","embeddable":true,"href":"https:\/\/denoticiasonline.com\/index.php\/wp-json\/wp\/v2\/tags?post=26739"}],"curies":[{"name":"wp","href":"https:\/\/api.w.org\/{rel}","templated":true}]}}