{"id":26612,"date":"2021-08-11T17:38:46","date_gmt":"2021-08-11T17:38:46","guid":{"rendered":"http:\/\/denoticiasonline.com\/?p=26612"},"modified":"2023-12-11T18:49:44","modified_gmt":"2023-12-11T18:49:44","slug":"necochea-el-departamento-de-cultura-inaugurara-una-sede-para-la-biblioteca-de-autores-locales","status":"publish","type":"post","link":"https:\/\/denoticiasonline.com\/index.php\/2021\/08\/11\/necochea-el-departamento-de-cultura-inaugurara-una-sede-para-la-biblioteca-de-autores-locales\/","title":{"rendered":"NECOCHEA: EL DEPARTAMENTO DE CULTURA INAUGURAR\u00c1 UNA SEDE PARA LA BIBLIOTECA DE AUTORES LOCALES"},"content":{"rendered":"\n<p>Este viernes 10 de agosto ser\u00e1 la inauguraci\u00f3n a las 10 de la ma\u00f1ana en la calle 54. La biblioteca ser\u00e1 abierta a la comunidad de manera gratuita respetando los protocolos y con d\u00edas y horarios espec\u00edficos: martes y jueves de 9 a 12 del mediod\u00eda. &nbsp;<\/p>\n\n\n\n<p>El objetivo es apoyar, revalorizar y divulgar las producciones aut\u00f3ctonas del distrito. En este caso, la biblioteca es un espacio que fue dise\u00f1ada para que los vecinos tengan acceso a las obras creadas por referentes literarios del distrito y que fue desvaloriz\u00e1ndose con el correr del tiempo.<\/p>\n\n\n\n<p>Desde el \u00e1rea que depende de la Secretar\u00eda de Desarrollo Humano y Pol\u00edticas Sociales informaron que la apertura de la sala ser\u00e1 este viernes 13 de agosto, a las 10 de la ma\u00f1ana, emplazada en calle 54 al 2946, evento al que asistir\u00e1n solo autoridades de la comuna y personal del \u00e1rea.<\/p>\n\n\n\n<p>En este sentido, se comunica que la biblioteca estar\u00e1 abierta al p\u00fablico los martes y jueves de cada semana, en el horario de 9 a 12, respetando todos los protocolos sanitarios que exigen las normas de distanciamiento social y funcionando de manera totalmente gratuita.<\/p>\n\n\n\n<p>Antes recordando que uno de los principales objetivos de este programa es estimular a la escritura, el titular de la Direcci\u00f3n, Juan Gamba, revel\u00f3 que el d\u00eda de la inauguraci\u00f3n de la sala se instalar\u00e1 en el lugar una muestra pl\u00e1stica con trabajos realizados por los ni\u00f1os y las ni\u00f1as que participan en los talleres del programa Barrio Cultura en distintos puntos del distrito.<\/p>\n","protected":false},"excerpt":{"rendered":"<p>Este viernes 10 de agosto ser\u00e1 la inauguraci\u00f3n a las 10 de la ma\u00f1ana en la calle 54. La biblioteca ser\u00e1 abierta a la comunidad de manera gratuita respetando los protocolos y con d\u00edas y horarios espec\u00edficos: martes y jueves de 9 a 12 del mediod\u00eda. &nbsp; El objetivo es apoyar, revalorizar y divulgar las [&hellip;]<\/p>\n","protected":false},"author":21,"featured_media":26614,"comment_status":"open","ping_status":"open","sticky":false,"template":"","format":"standard","meta":{"_jetpack_memberships_contains_paid_content":false,"footnotes":""},"categories":[8492],"tags":[481,480,352],"class_list":{"0":"post-26612","1":"post","2":"type-post","3":"status-publish","4":"format-standard","5":"has-post-thumbnail","7":"category-cultura-nacional","8":"tag-autores-locales","9":"tag-departamento-de-cultura","10":"tag-necochea"},"jetpack_featured_media_url":"https:\/\/i0.wp.com\/denoticiasonline.com\/wp-content\/uploads\/2021\/08\/11-08-FOTO-Biblioteca-Autores-Locales-Cultura.jpeg?fit=1280%2C853&ssl=1","jetpack_sharing_enabled":true,"_links":{"self":[{"href":"https:\/\/denoticiasonline.com\/index.php\/wp-json\/wp\/v2\/posts\/26612","targetHints":{"allow":["GET"]}}],"collection":[{"href":"https:\/\/denoticiasonline.com\/index.php\/wp-json\/wp\/v2\/posts"}],"about":[{"href":"https:\/\/denoticiasonline.com\/index.php\/wp-json\/wp\/v2\/types\/post"}],"author":[{"embeddable":true,"href":"https:\/\/denoticiasonline.com\/index.php\/wp-json\/wp\/v2\/users\/21"}],"replies":[{"embeddable":true,"href":"https:\/\/denoticiasonline.com\/index.php\/wp-json\/wp\/v2\/comments?post=26612"}],"version-history":[{"count":1,"href":"https:\/\/denoticiasonline.com\/index.php\/wp-json\/wp\/v2\/posts\/26612\/revisions"}],"predecessor-version":[{"id":26615,"href":"https:\/\/denoticiasonline.com\/index.php\/wp-json\/wp\/v2\/posts\/26612\/revisions\/26615"}],"wp:featuredmedia":[{"embeddable":true,"href":"https:\/\/denoticiasonline.com\/index.php\/wp-json\/wp\/v2\/media\/26614"}],"wp:attachment":[{"href":"https:\/\/denoticiasonline.com\/index.php\/wp-json\/wp\/v2\/media?parent=26612"}],"wp:term":[{"taxonomy":"category","embeddable":true,"href":"https:\/\/denoticiasonline.com\/index.php\/wp-json\/wp\/v2\/categories?post=26612"},{"taxonomy":"post_tag","embeddable":true,"href":"https:\/\/denoticiasonline.com\/index.php\/wp-json\/wp\/v2\/tags?post=26612"}],"curies":[{"name":"wp","href":"https:\/\/api.w.org\/{rel}","templated":true}]}}