{"id":26271,"date":"2020-11-18T01:06:33","date_gmt":"2020-11-18T04:06:33","guid":{"rendered":"https:\/\/elcirculo.com.ar\/?p=26271"},"modified":"2023-12-11T18:24:06","modified_gmt":"2023-12-11T18:24:06","slug":"conflicto-en-racing-milito-con-la-decision-tomada-de-irse","status":"publish","type":"post","link":"https:\/\/denoticiasonline.com\/index.php\/2020\/11\/18\/conflicto-en-racing-milito-con-la-decision-tomada-de-irse\/","title":{"rendered":"CONFLICTO EN RACING \u00bfMILITO CON LA DECISI\u00d3N TOMADA DE IRSE?"},"content":{"rendered":"<p>En la Academia comienzas las diferentes posturas y decisiones en medio de un presente con malos resultados. El primero en irse ser\u00eda Diego Milito de su cargo de m\u00e1nager.<\/p>\n<p>Los malos resultados de Racing comenzaron a dejar expuestos ciertos cruces internos que se acrecientan en un a\u00f1o de elecciones presidenciales. La exploci\u00f3n se produjo en el v\u00ednculo entre la comisi\u00f3n directiva, el manejo del f\u00fatbol amateur y el m\u00e1nager del equipo. Justamente este \u00faltimo tendr\u00eda una decisi\u00f3n tomada, se trata de Diego Milito, quien tiene pensado no continuar ligado a Racing una vez que finalice su acuerdo c\u00f3mo m\u00e1nager de la instituci\u00f3n en el mes de diciembre.<\/p>\n<p>La decisi\u00f3n no tiene relaci\u00f3n alguna con lo deportivo y no depender\u00e1 de lo que suceda en la serie de los octavos de final de la Copa Libertadores ante Flamengo ni en la Copa de la Liga Profesional. De hecho, no hay un motivo en particular por el cu\u00e1l no seguir\u00e1, sino que existen diferencias entre su idea y la de Victor Blanco.<\/p>\n<p>De todos modos, esto no quiere decir que Milito y el actual presidente de Racing est\u00e9n peleados, pero si hay cuestiones internas que generaron un desgaste y un cansancio en el integrante de la secretar\u00eda t\u00e9cnica, que entiende que existen ciertos obst\u00e1culos que impiden que avance su plan.Los caminos de Milito y Racing se separar\u00e1n en diciembre, sin una fecha precisa, pero dejar\u00e1 todo ordenado para el que viene. Posiblemente no sea el punto final de la relaci\u00f3n y quiz\u00e1 el Pr\u00edncipe podr\u00eda volver como presidente de la Academia, algo que no descart\u00f3 en los \u00faltimos meses.<\/p>\n<p>&nbsp;<\/p>\n<p>&nbsp;    \t<\/p>\n","protected":false},"excerpt":{"rendered":"<p>En la Academia comienzas las diferentes posturas y decisiones en medio de un presente con malos resultados. El primero en irse ser\u00eda Diego Milito de su cargo de m\u00e1nager. Los malos resultados de Racing comenzaron a dejar expuestos ciertos cruces internos que se acrecientan en un a\u00f1o de elecciones presidenciales. La exploci\u00f3n se produjo en [&hellip;]<\/p>\n","protected":false},"author":1,"featured_media":26272,"comment_status":"open","ping_status":"open","sticky":false,"template":"","format":"standard","meta":{"_jetpack_memberships_contains_paid_content":false,"footnotes":""},"categories":[8490],"tags":[379,39],"class_list":{"0":"post-26271","1":"post","2":"type-post","3":"status-publish","4":"format-standard","5":"has-post-thumbnail","7":"category-deportes-nacionales","8":"tag-diego-milito","9":"tag-racing"},"jetpack_featured_media_url":"https:\/\/i0.wp.com\/denoticiasonline.com\/wp-content\/uploads\/2020\/11\/milito-blanco.jpg?fit=1280%2C720&ssl=1","jetpack_sharing_enabled":true,"_links":{"self":[{"href":"https:\/\/denoticiasonline.com\/index.php\/wp-json\/wp\/v2\/posts\/26271","targetHints":{"allow":["GET"]}}],"collection":[{"href":"https:\/\/denoticiasonline.com\/index.php\/wp-json\/wp\/v2\/posts"}],"about":[{"href":"https:\/\/denoticiasonline.com\/index.php\/wp-json\/wp\/v2\/types\/post"}],"author":[{"embeddable":true,"href":"https:\/\/denoticiasonline.com\/index.php\/wp-json\/wp\/v2\/users\/1"}],"replies":[{"embeddable":true,"href":"https:\/\/denoticiasonline.com\/index.php\/wp-json\/wp\/v2\/comments?post=26271"}],"version-history":[{"count":1,"href":"https:\/\/denoticiasonline.com\/index.php\/wp-json\/wp\/v2\/posts\/26271\/revisions"}],"predecessor-version":[{"id":43192,"href":"https:\/\/denoticiasonline.com\/index.php\/wp-json\/wp\/v2\/posts\/26271\/revisions\/43192"}],"wp:featuredmedia":[{"embeddable":true,"href":"https:\/\/denoticiasonline.com\/index.php\/wp-json\/wp\/v2\/media\/26272"}],"wp:attachment":[{"href":"https:\/\/denoticiasonline.com\/index.php\/wp-json\/wp\/v2\/media?parent=26271"}],"wp:term":[{"taxonomy":"category","embeddable":true,"href":"https:\/\/denoticiasonline.com\/index.php\/wp-json\/wp\/v2\/categories?post=26271"},{"taxonomy":"post_tag","embeddable":true,"href":"https:\/\/denoticiasonline.com\/index.php\/wp-json\/wp\/v2\/tags?post=26271"}],"curies":[{"name":"wp","href":"https:\/\/api.w.org\/{rel}","templated":true}]}}