{"id":26014,"date":"2020-11-13T15:20:38","date_gmt":"2020-11-13T18:20:38","guid":{"rendered":"https:\/\/elcirculo.com.ar\/?p=25740"},"modified":"2020-11-13T15:20:38","modified_gmt":"2020-11-13T18:20:38","slug":"ituzaingo-la-cooperativa-la-muchachita-designada-como-primer-destino-sustentable-para-el-tratamiento-de-residuos","status":"publish","type":"post","link":"https:\/\/denoticiasonline.com\/index.php\/2020\/11\/13\/ituzaingo-la-cooperativa-la-muchachita-designada-como-primer-destino-sustentable-para-el-tratamiento-de-residuos\/","title":{"rendered":"ITUZAING\u00d3: LA COOPERATIVA &#8220;LA MUCHACHITA&#8221; DESIGNADA COMO PRIMER DESTINO SUSTENTABLE PARA EL TRATAMIENTO DE RESIDUOS"},"content":{"rendered":"<p>El Organismo Provincial para el Desarrollo Sustentable declar\u00f3 como destino sustentable al lugar en el que trabajan 30 recuperadores y recuperadoras de residuos.<\/p>\n<p>La noticia y designaci\u00f3n de la cooperativa de reciclado \u201cLa Muchachita de los Toldos\u201d como primer destino sustentable de residuos, no s\u00f3lo es una decisi\u00f3n para los trabajadores que ayudan a reducir d\u00eda a d\u00eda la contaminaci\u00f3n ambiental, creando puntos verdes en cada barrio y concientizando a los vecinos de Ituzaing\u00f3, sino tambi\u00e9n porque les permite ampliar el cupo laboral e incorporar a m\u00e1s trabajadores para que mejoren sus condiciones laborales. Esta cooperativa articula su trabajo con vecinos de Parque Leloir, la Asociaci\u00f3n Civil PLAC, Abuela Naturaleza y en el barrio Procrear tambi\u00e9n est\u00e1n trabajando junto a los vecinos.<\/p>\n<p>Juli\u00e1n Aceituno, miembro de la Subsecretar\u00eda de Econom\u00eda Popular del Ministerio de Desarrollo de la Comunidad de la Provincia de Buenos Aires, habl\u00f3 de la designaci\u00f3n: \u201cA la cooperativa la venimos acompa\u00f1ando desde la Subsecretaria de Econom\u00eda Popular de la cual soy director de comercializaci\u00f3n. Hemos hecho un trabajo de articulaci\u00f3n en con junto a la OPDS (Organizaci\u00f3n Provincial para El Desarrollo Sostenible) que ha incorporado a la cooperativa en el registro de destinos sustentable a nivel provincial con lo cual se los formaliza como un lugar habilitado para el tratamiento de residuos y para emitir certificaci\u00f3n de que estos residuos fueron tratados por la cooperativa&#8221;, expres\u00f3 en di\u00e1logo con Sector Prensa.<\/p>\n<p>Adem\u00e1s, Aceituno puntualiz\u00f3: &#8220;Este reconocimiento formaliza una relaci\u00f3n comercial de la cooperativa con el sector p\u00fablico y privado, con lo cual es una herramienta fundamental para que se generen puestos de trabajo en este momento\u201d. Y finaliz\u00f3 con la relevancia que se debe tener con el medio ambiente: \u201cEn Ituzaing\u00f3 la comunidad tiene una conciencia muy importante con el cuidado del medio ambiente y el reciclado, la cooperativa tiene reconocimiento por parte de los vecinos. A nivel de pol\u00edticas p\u00fablicas con respecto al cuidado del medio ambiente hay pol\u00edticas activas por parte del municipio y el agregado de la cooperativa refuerza ese trabajo\u201d.    \t<\/p>\n","protected":false},"excerpt":{"rendered":"<p>El Organismo Provincial para el Desarrollo Sustentable declar\u00f3 como destino sustentable al lugar en el que trabajan 30 recuperadores y recuperadoras de residuos. La noticia y designaci\u00f3n de la cooperativa de reciclado \u201cLa Muchachita de los Toldos\u201d como primer destino sustentable de residuos, no s\u00f3lo es una decisi\u00f3n para los trabajadores que ayudan a reducir [&hellip;]<\/p>\n","protected":false},"author":1,"featured_media":26294,"comment_status":"open","ping_status":"open","sticky":false,"template":"","format":"standard","meta":{"_jetpack_memberships_contains_paid_content":false,"footnotes":""},"categories":[33],"tags":[313],"class_list":{"0":"post-26014","1":"post","2":"type-post","3":"status-publish","4":"format-standard","5":"has-post-thumbnail","7":"category-economia-merlo","8":"tag-cooperativas"},"jetpack_featured_media_url":"https:\/\/i0.wp.com\/denoticiasonline.com\/wp-content\/uploads\/2020\/11\/WhatsApp-Image-2020-11-12-at-12.02.14-PM.jpeg?fit=1024%2C682&ssl=1","jetpack_sharing_enabled":true,"_links":{"self":[{"href":"https:\/\/denoticiasonline.com\/index.php\/wp-json\/wp\/v2\/posts\/26014","targetHints":{"allow":["GET"]}}],"collection":[{"href":"https:\/\/denoticiasonline.com\/index.php\/wp-json\/wp\/v2\/posts"}],"about":[{"href":"https:\/\/denoticiasonline.com\/index.php\/wp-json\/wp\/v2\/types\/post"}],"author":[{"embeddable":true,"href":"https:\/\/denoticiasonline.com\/index.php\/wp-json\/wp\/v2\/users\/1"}],"replies":[{"embeddable":true,"href":"https:\/\/denoticiasonline.com\/index.php\/wp-json\/wp\/v2\/comments?post=26014"}],"version-history":[{"count":0,"href":"https:\/\/denoticiasonline.com\/index.php\/wp-json\/wp\/v2\/posts\/26014\/revisions"}],"wp:featuredmedia":[{"embeddable":true,"href":"https:\/\/denoticiasonline.com\/index.php\/wp-json\/wp\/v2\/media\/26294"}],"wp:attachment":[{"href":"https:\/\/denoticiasonline.com\/index.php\/wp-json\/wp\/v2\/media?parent=26014"}],"wp:term":[{"taxonomy":"category","embeddable":true,"href":"https:\/\/denoticiasonline.com\/index.php\/wp-json\/wp\/v2\/categories?post=26014"},{"taxonomy":"post_tag","embeddable":true,"href":"https:\/\/denoticiasonline.com\/index.php\/wp-json\/wp\/v2\/tags?post=26014"}],"curies":[{"name":"wp","href":"https:\/\/api.w.org\/{rel}","templated":true}]}}