{"id":25988,"date":"2020-11-16T12:36:08","date_gmt":"2020-11-16T15:36:08","guid":{"rendered":"https:\/\/elcirculo.com.ar\/?p=25988"},"modified":"2023-12-11T17:55:32","modified_gmt":"2023-12-11T17:55:32","slug":"se-retiro-el-leon-mascherano-anuncio-que-deja-el-futbol","status":"publish","type":"post","link":"https:\/\/denoticiasonline.com\/index.php\/2020\/11\/16\/se-retiro-el-leon-mascherano-anuncio-que-deja-el-futbol\/","title":{"rendered":"SE RETIR\u00d3 EL LE\u00d3N: MASCHERANO ANUNCI\u00d3 QUE DEJA EL F\u00daTBOL"},"content":{"rendered":"<p>El mediocampista dijo oficialmente que cierra su etapa como jugador profesional. Se retira un le\u00f3n que brill\u00f3 en la selecci\u00f3n y los grandes equipos europeos.<\/p>\n<p>Javier Mascherano anunci\u00f3 a los 36 a\u00f1os, que deja la actividad futbol\u00edstica, luego del partido que su equipo, Estudiantes de La Plata, perdi\u00f3 frente a Argentinos Juniors (0-1), por la tercera fecha de la Copa de la Liga Profesional de f\u00fatbol (LPF), zona 5.\u00a0 En una conferencia de prensa post partido, Mascherano comunic\u00f3: &#8220;Quiero anunciar que hoy me retiro del f\u00fatbol profesionalmente. Quiero agradecer a este club que me dio la oportunidad de terminar mi carrera en la Argentina&#8221;.<\/p>\n<p>A los 36 a\u00f1os, el jugador nacido en San Lorenzo, Santa Fe, cierra una carrera plagada de r\u00e9cords y t\u00edtulos: con 147 partidos jugados con la Selecci\u00f3n Argentina, es el futbolista que m\u00e1s partidos disput\u00f3 con la Celeste y Blanca y el \u00fanico en ganar dos medallas doradas ol\u00edmpicas (Atenas 2004 y Beijing 2008). Adem\u00e1s, fue subcampe\u00f3n 4 veces de la Copa Am\u00e9rica y una vez del mundo, la del mundial 2014 en Brasil que perdi\u00f3 ante Alemania.<\/p>\n<p>En cuanto clubes, debut\u00f3 en River, pas\u00f3 el Corinthians de Brasil, el West Ham, Liverpool, Barcelona y el Hebei Fortune de China, previo a su paso por el Pincha. Despu\u00e9s de 644 partidos en clubes y 147 en la selecci\u00f3n mayor argentina, y 25 t\u00edtulos en toda su carrera, deja un gran legado en el mediocampo. Ahora empieza una nueva etapa, seguramente desde el banco de suplentes y cerca de la Selecci\u00f3n Argentina.<\/p>\n<p>&nbsp;    \t<\/p>\n","protected":false},"excerpt":{"rendered":"<p>El mediocampista dijo oficialmente que cierra su etapa como jugador profesional. Se retira un le\u00f3n que brill\u00f3 en la selecci\u00f3n y los grandes equipos europeos. Javier Mascherano anunci\u00f3 a los 36 a\u00f1os, que deja la actividad futbol\u00edstica, luego del partido que su equipo, Estudiantes de La Plata, perdi\u00f3 frente a Argentinos Juniors (0-1), por la [&hellip;]<\/p>\n","protected":false},"author":1,"featured_media":25995,"comment_status":"open","ping_status":"open","sticky":false,"template":"","format":"standard","meta":{"_jetpack_memberships_contains_paid_content":false,"footnotes":""},"categories":[8490],"tags":[343],"class_list":{"0":"post-25988","1":"post","2":"type-post","3":"status-publish","4":"format-standard","5":"has-post-thumbnail","7":"category-deportes-nacionales","8":"tag-mascherano"},"jetpack_featured_media_url":"https:\/\/i0.wp.com\/denoticiasonline.com\/wp-content\/uploads\/2020\/11\/mascherano-retiro.jpg?fit=992%2C558&ssl=1","jetpack_sharing_enabled":true,"_links":{"self":[{"href":"https:\/\/denoticiasonline.com\/index.php\/wp-json\/wp\/v2\/posts\/25988","targetHints":{"allow":["GET"]}}],"collection":[{"href":"https:\/\/denoticiasonline.com\/index.php\/wp-json\/wp\/v2\/posts"}],"about":[{"href":"https:\/\/denoticiasonline.com\/index.php\/wp-json\/wp\/v2\/types\/post"}],"author":[{"embeddable":true,"href":"https:\/\/denoticiasonline.com\/index.php\/wp-json\/wp\/v2\/users\/1"}],"replies":[{"embeddable":true,"href":"https:\/\/denoticiasonline.com\/index.php\/wp-json\/wp\/v2\/comments?post=25988"}],"version-history":[{"count":1,"href":"https:\/\/denoticiasonline.com\/index.php\/wp-json\/wp\/v2\/posts\/25988\/revisions"}],"predecessor-version":[{"id":43106,"href":"https:\/\/denoticiasonline.com\/index.php\/wp-json\/wp\/v2\/posts\/25988\/revisions\/43106"}],"wp:featuredmedia":[{"embeddable":true,"href":"https:\/\/denoticiasonline.com\/index.php\/wp-json\/wp\/v2\/media\/25995"}],"wp:attachment":[{"href":"https:\/\/denoticiasonline.com\/index.php\/wp-json\/wp\/v2\/media?parent=25988"}],"wp:term":[{"taxonomy":"category","embeddable":true,"href":"https:\/\/denoticiasonline.com\/index.php\/wp-json\/wp\/v2\/categories?post=25988"},{"taxonomy":"post_tag","embeddable":true,"href":"https:\/\/denoticiasonline.com\/index.php\/wp-json\/wp\/v2\/tags?post=25988"}],"curies":[{"name":"wp","href":"https:\/\/api.w.org\/{rel}","templated":true}]}}