{"id":25374,"date":"2020-11-11T11:37:57","date_gmt":"2020-11-11T14:37:57","guid":{"rendered":"https:\/\/elcirculo.com.ar\/?p=25374"},"modified":"2023-12-11T16:03:46","modified_gmt":"2023-12-11T16:03:46","slug":"t-lauquen-suba-casos-y-contacto-con-provincia-por-educacion-y-presencialidad-en-la-escuelas","status":"publish","type":"post","link":"https:\/\/denoticiasonline.com\/index.php\/2020\/11\/11\/t-lauquen-suba-casos-y-contacto-con-provincia-por-educacion-y-presencialidad-en-la-escuelas\/","title":{"rendered":"T. LAUQUEN: SUBA CASOS Y CONTACTO CON PROVINCIA POR EDUCACI\u00d3N Y PRESENCIALIDAD EN LA ESCUELAS"},"content":{"rendered":"<p>En una semana que mantiene la aceleraci\u00f3n iniciada hace unos d\u00edas en la cantidad de nuevos casos positivos de Covid-19, el Comit\u00e9 de Emergencia del distrito de Trenque Lauquen tuvo esta tarde (martes) un nuevo encuentro virtual, en el que como es habitual, el intendente municipal Miguel Fern\u00e1ndez present\u00f3 la evaluaci\u00f3n de la situaci\u00f3n epidemiol\u00f3gica ante el incremento que reporta el distrito.<\/p>\n<p>\u201cEestamos presenciando una suba de casos como no ten\u00edamos hace dos meses, y puede darse por muchas razones, en parte, porque estamos testeando m\u00e1s contactos estrechos. Es cierto que no hay, afortunadamente, una gran presi\u00f3n sobre el hospital en cuanto a la ocupaci\u00f3n de camas cr\u00edticas. Este es un brote diferente a los anteriores. Tampoco hay una fecha en particular a la que podamos adjudicarle las razones, o una actividad concreta, como ocurri\u00f3 en otras oportunidades. Se est\u00e1n dando muchos convivientes positivos por reuniones compartidas\u2026cumplea\u00f1os, bautismos y dem\u00e1s\u201d, comenz\u00f3 diciendo el Intendente, apoyado por gr\u00e1ficos.<\/p>\n<p>En funci\u00f3n de lo descripto y despu\u00e9s de intercambiar algunas ideas con integrantes del Comit\u00e9 sostuvo que de manera preventiva \u201cno vamos a habilitar nada nuevo, no se va a agregar ninguna actividad, todo queda en el freezer hasta que veamos c\u00f3mo se comporta la pandemia\u201d.<\/p>\n<p>El sistema de salud del distrito, a pesar de transitar un criterio de riesgo alto en cuanto a nuevos casos, todav\u00eda se mantiene en riesgo bajo respecto de la ocupaci\u00f3n de camas de terapia intensiva.<\/p>\n<p>\u201cEstamos en un riesgo intermedio en t\u00e9rminos generales, quiere decir que ha cambiado la situaci\u00f3n, no de manera dram\u00e1tica pero s\u00ed en cuanto a tomar otras decisiones, teniendo en cuenta que la tendencia viene en aumento\u201d, se\u00f1al\u00f3 Fern\u00e1ndez, y agreg\u00f3: \u201cAfortunadamente hay menor presi\u00f3n sobre el sistema de salud, pero con la complejidad de que mejor\u00f3 el clima, la gente ya no toma tantos recaudos, y el equipo de trazadores encuentra mucha resistencia para convencer de la necesidad de hacer cuarentena. O declarar contactos estrechos\u201d.<\/p>\n<p>Por tal raz\u00f3n se coincidi\u00f3 en se\u00f1alar en la reuni\u00f3n que bajar a una fase m\u00e1s rigurosa (con cuarentena para todos) resultar\u00eda muy dif\u00edcil de llevar a la pr\u00e1ctica. El foco apuntar\u00e1 a \u201cconvencer a los contactos estrechos de hacer cuarentena para combatir el brote\u201d, y hubo acuerdo de los participantes.<\/p>\n<p>Ante una consulta de la concejal M\u00f3nica Est\u00e9vez acerca de si hab\u00eda alguna incidencia a partir de las \u00faltimas medidas frente al aumento de casos, \u201csobre todo cuando se sabe que no se trata de empresas ni de apertura de actividades\u201d, el Intendente reforz\u00f3 el concepto: \u201cSi bien no hay datos perfectos sobre si pudo haber sido el D\u00eda de la Madre o el levantamiento de retenes en los accesos, no tenemos ni un caso contagiado por alguien de afuera, la mayor\u00eda es de la reuni\u00f3n, del que \u00b4vos conoces\u00b4, del amigo, del pariente o vecino. A partir del pedido que vino del Concejo Deliberante estamos haciendo m\u00e1s test\u201d.<\/p>\n<p>Una medida a destacar es la categor\u00eda \u201ccaso positivo por nexo epidemiol\u00f3gico\u201d, porque permiti\u00f3 tanto saber que no se testea a esos casos d\u00e1ndolos por positivo, como porque, a partir de esa decisi\u00f3n de la Provincia, es el ministerio de Salud el que env\u00eda los kits.<\/p>\n<p>\u201cSer\u00e1 fundamental el mensaje que demos, del Ejecutivo y el Legislativo, para desalentar juntadas. Si est\u00e1 la sensaci\u00f3n es de que la cosa no est\u00e1 tan grave no se toman los recaudos, aunque tampoco podemos perder credibilidad acrecentando un miedo. Si no vemos el conjunto, y que la gente lo entienda, vamos a tener problemas. Hoy el sistema de salud no est\u00e1 presionado. Hoy\u201d.<\/p>\n<p>El concejal Ariel Luna reafirm\u00f3 la idea a\u00f1adiendo que \u201csi no hay adherencia al protocolo que hay que cumplir, o sea restringir las juntadas, usar barbijo, mantener distancia, cosa que no est\u00e1 ocurriendo, en breve podemos estar peor: Estamos a mediados de noviembre, a las puerta por las celebraciones por final de a\u00f1o. Si no logramos esa m\u00ednima adherencia corremos un gran riesgo\u201d.<\/p>\n<p>El otro gran tema de la reuni\u00f3n virtual fue la vuelta a la presencialidad en las escuelas. La Inspectora Alejandra Marino tom\u00f3 la palabra para marcar el alto nivel de preocupaci\u00f3n \u201cpor la disparidad que hay en los tiempos, entre la recolecci\u00f3n de datos (que hay en Provincia) y la toma de decisiones\u201d.<\/p>\n<p>En la misma sinton\u00eda estuvo lo aportado por Hern\u00e1n Amador, representante de la Comisi\u00f3n Mixta de Salud y Seguridad: \u201cNos sorprendi\u00f3 la resoluci\u00f3n de riesgo bajo para el distrito con la que lleg\u00f3 ayer \u2013lunes- el informe desde la Direcci\u00f3n General de Cultura y Educaci\u00f3n\u201d.<\/p>\n<p>El intendente Fern\u00e1ndez explic\u00f3 las razones: \u201chabl\u00e9 hace unos d\u00edas con Agustina Vila (titular de la cartera educativa provincial) y le coment\u00e9 que est\u00e1bamos con los n\u00fameros justos. Esto tiene que ver con el momento en que se toman decisiones. El Ministerio hace un corte los d\u00edas mi\u00e9rcoles, con los datos de la semana anterior, y Trenque Lauquen estaba como una Municipalidad de riesgo bajo, eran correctos los datos, pero hay un desacople, se toman decisiones con datos anteriores. No est\u00e1 mal, pero la realidad es distinta. Y \u00b4Fase 4\u00b4 de Provincia y \u00b4riesgo medio\u00b4 de Educaci\u00f3n no ser\u00edan contradictorios. La gran preocupaci\u00f3n es que bajar a Fase 3 es casi una cat\u00e1strofe, no s\u00e9 si estamos en condiciones de que la gente cumpla las restricciones de esa fase\u201d.<\/p>\n<p>Ante esta situaci\u00f3n Fern\u00e1ndez plante\u00f3 un encuentro virtual con los referentes distritales de educaci\u00f3n y de all\u00ed solicitar un encuentro con Provincia. \u201cPara poder plantear a las autoridades de Educaci\u00f3n estos interrogantes que se nos plantean y ver qu\u00e9 hacemos. Ellos toman la base de dato del SISA, de carga m\u00e1s lenta, y nosotros ac\u00e1 vemos la base de datos de nuestro sistema de Salud, mucho m\u00e1s r\u00e1pido\u201d.    \t<\/p>\n","protected":false},"excerpt":{"rendered":"<p>En una semana que mantiene la aceleraci\u00f3n iniciada hace unos d\u00edas en la cantidad de nuevos casos positivos de Covid-19, el Comit\u00e9 de Emergencia del distrito de Trenque Lauquen tuvo esta tarde (martes) un nuevo encuentro virtual, en el que como es habitual, el intendente municipal Miguel Fern\u00e1ndez present\u00f3 la evaluaci\u00f3n de la situaci\u00f3n epidemiol\u00f3gica [&hellip;]<\/p>\n","protected":false},"author":1,"featured_media":25375,"comment_status":"open","ping_status":"open","sticky":false,"template":"","format":"standard","meta":{"_jetpack_memberships_contains_paid_content":false,"footnotes":""},"categories":[108],"tags":[],"class_list":{"0":"post-25374","1":"post","2":"type-post","3":"status-publish","4":"format-standard","5":"has-post-thumbnail","7":"category-sociedad-nacional"},"jetpack_featured_media_url":"https:\/\/i0.wp.com\/denoticiasonline.com\/wp-content\/uploads\/2020\/11\/Zoom-Comite-Emergencia-2.jpg?fit=960%2C1280&ssl=1","jetpack_sharing_enabled":true,"_links":{"self":[{"href":"https:\/\/denoticiasonline.com\/index.php\/wp-json\/wp\/v2\/posts\/25374","targetHints":{"allow":["GET"]}}],"collection":[{"href":"https:\/\/denoticiasonline.com\/index.php\/wp-json\/wp\/v2\/posts"}],"about":[{"href":"https:\/\/denoticiasonline.com\/index.php\/wp-json\/wp\/v2\/types\/post"}],"author":[{"embeddable":true,"href":"https:\/\/denoticiasonline.com\/index.php\/wp-json\/wp\/v2\/users\/1"}],"replies":[{"embeddable":true,"href":"https:\/\/denoticiasonline.com\/index.php\/wp-json\/wp\/v2\/comments?post=25374"}],"version-history":[{"count":1,"href":"https:\/\/denoticiasonline.com\/index.php\/wp-json\/wp\/v2\/posts\/25374\/revisions"}],"predecessor-version":[{"id":42925,"href":"https:\/\/denoticiasonline.com\/index.php\/wp-json\/wp\/v2\/posts\/25374\/revisions\/42925"}],"wp:featuredmedia":[{"embeddable":true,"href":"https:\/\/denoticiasonline.com\/index.php\/wp-json\/wp\/v2\/media\/25375"}],"wp:attachment":[{"href":"https:\/\/denoticiasonline.com\/index.php\/wp-json\/wp\/v2\/media?parent=25374"}],"wp:term":[{"taxonomy":"category","embeddable":true,"href":"https:\/\/denoticiasonline.com\/index.php\/wp-json\/wp\/v2\/categories?post=25374"},{"taxonomy":"post_tag","embeddable":true,"href":"https:\/\/denoticiasonline.com\/index.php\/wp-json\/wp\/v2\/tags?post=25374"}],"curies":[{"name":"wp","href":"https:\/\/api.w.org\/{rel}","templated":true}]}}