{"id":25253,"date":"2020-11-10T13:31:32","date_gmt":"2020-11-10T16:31:32","guid":{"rendered":"https:\/\/elcirculo.com.ar\/?p=25253"},"modified":"2023-12-11T15:36:24","modified_gmt":"2023-12-11T15:36:24","slug":"25-de-mayo-el-intendente-manifesto-su-preocupacion-por-la-inseguridad","status":"publish","type":"post","link":"https:\/\/denoticiasonline.com\/index.php\/2020\/11\/10\/25-de-mayo-el-intendente-manifesto-su-preocupacion-por-la-inseguridad\/","title":{"rendered":"25 DE MAYO: EL INTENDENTE MANIFEST\u00d3 SU PREOCUPACI\u00d3N POR LA INSEGURIDAD"},"content":{"rendered":"<p>En el marco del 184\u00b0 Aniversario de 25 de Mayo, el Intendente Hern\u00e1n Ralinqueo recibi\u00f3 a la Vicegobernadora bonaerense Ver\u00f3nica Magario, y en conferencia de prensa hablaron acerca del trabajo conjunto entre la Provincia y el Municipio. Adem\u00e1s, se refiri\u00f3 a los hechos delictivos en el Norte del Distrito y asegur\u00f3 que se est\u00e1n tomando decisiones y medidas para esclarecer la situaci\u00f3n.<\/p>\n<p>En ese sentido, el Mandatario Comunal expres\u00f3 que \u201ces muy importante para nosotros que terminando el a\u00f1o, podamos dejar plantado un Estado presente, con la tarea de reconstruir la Argentina y la Provincia. Se ha hecho much\u00edsimo, se lo tenemos que contar a los vecinos que han hecho un trabajo inmenso\u201d.<\/p>\n<p>\u201cHemos tenido al Estado provincial presente, trabajando codo a codo con esta administraci\u00f3n municipal y cada uno de los intendentes de la Provincia. No es s\u00f3lo la presencia, sino el conjunto del trabajo con la Provincia. El saludo del Gobernador Axel Kicillof est\u00e1 en un contexto de di\u00e1logo permanente, acerca de las obras y pol\u00edticas p\u00fablicas. Es otra forma de hacer las cosas, trabajar realmente juntos\u201d, agreg\u00f3 y cont\u00f3: \u201cVenimos llevando a cabo un d\u00eda de trabajo con varias reuniones y pensamos seguir.<\/p>\n<p>En relaci\u00f3n al trabajo llevado adelante durante la Emergencia Sanitaria, aclar\u00f3 que \u201ccon la presencia de la Provincia se ha logrado controlar la situaci\u00f3n epidemiol\u00f3gica, realizar estrategias sobre educaci\u00f3n como la vuelta a clases presenciales\u201d.<\/p>\n<p>El Intendente se refiri\u00f3 a la problem\u00e1tica de la Seguridad en el Norte del Partido y al respecto manifest\u00f3 que \u201cnos tiene ocupados desde el primer hecho que ocurri\u00f3 con una modalidad que no se ve con frecuencia en la zona. En corto tiempo tuvimos cinco hechos de estas caracter\u00edsticas\u201d.<\/p>\n<p>\u201cEsto nos pone a revisar el trabajo de la Polic\u00eda en el \u00faltimo tiempo. Estamos en esa tarea. El Ministro (Sergio) Berni mand\u00f3 a dos de sus Subsecretarios\u201d, aclar\u00f3 y asegur\u00f3 que \u201cla Polic\u00eda est\u00e1 trabajando, el Ministerio de Seguridad est\u00e1 presente en 25 de Mayo. Hay que revisar el trabajo de la Polic\u00eda, yo he pedido cambios y la Justicia debe ser r\u00e1pida esclareciendo hechos\u201d.<\/p>\n<p>En ese punto, explic\u00f3 que \u201cbuscamos crear un Foro de Seguridad que cumpla con los requisitos, el de Norberto de la Riestra viene trabajando muy bien\u201d y aclar\u00f3: \u201cNo puedo adelantar nada de la investigaci\u00f3n pero se est\u00e1 yendo por buen camino\u201d.<\/p>\n<p>\u201cTenemos una comunidad tranquila y tenemos que mantener el nivel de seguridad. El trabajo realizado en Pedernales va a poner las cosas sobre la mesa. Los delincuentes no son de 25 de Mayo ni de la zona, son parte de crimen organizado\u201d, cerr\u00f3 Ralinqueo.    \t<\/p>\n","protected":false},"excerpt":{"rendered":"<p>En el marco del 184\u00b0 Aniversario de 25 de Mayo, el Intendente Hern\u00e1n Ralinqueo recibi\u00f3 a la Vicegobernadora bonaerense Ver\u00f3nica Magario, y en conferencia de prensa hablaron acerca del trabajo conjunto entre la Provincia y el Municipio. Adem\u00e1s, se refiri\u00f3 a los hechos delictivos en el Norte del Distrito y asegur\u00f3 que se est\u00e1n tomando [&hellip;]<\/p>\n","protected":false},"author":1,"featured_media":25241,"comment_status":"open","ping_status":"open","sticky":false,"template":"","format":"standard","meta":{"_jetpack_memberships_contains_paid_content":false,"footnotes":""},"categories":[108],"tags":[],"class_list":{"0":"post-25253","1":"post","2":"type-post","3":"status-publish","4":"format-standard","5":"has-post-thumbnail","7":"category-sociedad-nacional"},"jetpack_featured_media_url":"https:\/\/i0.wp.com\/denoticiasonline.com\/wp-content\/uploads\/2020\/11\/WhatsApp-Image-2020-11-09-at-10.10.44.jpeg?fit=1280%2C853&ssl=1","jetpack_sharing_enabled":true,"_links":{"self":[{"href":"https:\/\/denoticiasonline.com\/index.php\/wp-json\/wp\/v2\/posts\/25253","targetHints":{"allow":["GET"]}}],"collection":[{"href":"https:\/\/denoticiasonline.com\/index.php\/wp-json\/wp\/v2\/posts"}],"about":[{"href":"https:\/\/denoticiasonline.com\/index.php\/wp-json\/wp\/v2\/types\/post"}],"author":[{"embeddable":true,"href":"https:\/\/denoticiasonline.com\/index.php\/wp-json\/wp\/v2\/users\/1"}],"replies":[{"embeddable":true,"href":"https:\/\/denoticiasonline.com\/index.php\/wp-json\/wp\/v2\/comments?post=25253"}],"version-history":[{"count":1,"href":"https:\/\/denoticiasonline.com\/index.php\/wp-json\/wp\/v2\/posts\/25253\/revisions"}],"predecessor-version":[{"id":42892,"href":"https:\/\/denoticiasonline.com\/index.php\/wp-json\/wp\/v2\/posts\/25253\/revisions\/42892"}],"wp:featuredmedia":[{"embeddable":true,"href":"https:\/\/denoticiasonline.com\/index.php\/wp-json\/wp\/v2\/media\/25241"}],"wp:attachment":[{"href":"https:\/\/denoticiasonline.com\/index.php\/wp-json\/wp\/v2\/media?parent=25253"}],"wp:term":[{"taxonomy":"category","embeddable":true,"href":"https:\/\/denoticiasonline.com\/index.php\/wp-json\/wp\/v2\/categories?post=25253"},{"taxonomy":"post_tag","embeddable":true,"href":"https:\/\/denoticiasonline.com\/index.php\/wp-json\/wp\/v2\/tags?post=25253"}],"curies":[{"name":"wp","href":"https:\/\/api.w.org\/{rel}","templated":true}]}}