{"id":25077,"date":"2020-11-09T13:10:31","date_gmt":"2020-11-09T16:10:31","guid":{"rendered":"https:\/\/elcirculo.com.ar\/?p=25077"},"modified":"2023-12-07T18:46:09","modified_gmt":"2023-12-07T18:46:09","slug":"alberto-despidio-a-evo-morales-en-la-quiaca","status":"publish","type":"post","link":"https:\/\/denoticiasonline.com\/index.php\/2020\/11\/09\/alberto-despidio-a-evo-morales-en-la-quiaca\/","title":{"rendered":"ALBERTO DESPIDI\u00d3 A EVO MORALES EN LA QUIACA"},"content":{"rendered":"<p><strong>El presidente encabez\u00f3 el acto de despedida y acompa\u00f1o al expresidente boliviano hasta la mitad del puente que comunica a Argentina con Bolivia. <\/strong><\/p>\n<p><strong>El presidente Alberto Fern\u00e1ndez despidi\u00f3 hoy al expresidente de Bolivia, Evo Morales, en la frontera entre ambos pa\u00edses ubicada en La Quiaca, manifest\u00e1ndole su afecto y remarcando la importancia de que \u201cEvo regrese a su patria, de la que nunca debi\u00f3 haber salido\u201d.<\/strong><\/p>\n<p>La despedida fue un acto breve en la localidad juje\u00f1a de\u00a0<strong>La Quiaca<\/strong>, el lado argentino de la frontera con Bolivia, donde\u00a0<strong>Alberto Fern\u00e1ndez acompa\u00f1\u00f3 a Evo Morales hasta la mitad del puente que une a ambas naciones<\/strong>\u00a0y que comunica a la Argentina con la ciudad boliviana de\u00a0<strong>Villaz\u00f3n<\/strong>.<\/p>\n<p><strong>\u201cEs un d\u00eda muy importante para todos, es muy lindo estar en La Quiaca<\/strong>\u00a0con este motivo, que es\u00a0<strong>garantizarnos que nuestro querido Evo Morales regrese a su patria, de la que nunca debi\u00f3 haber salido<\/strong>\u00a0y nunca debi\u00f3 haber sido maltratado como lo fue\u201d, afirm\u00f3 Fern\u00e1ndez, que luego agreg\u00f3: \u201cEn los \u00faltimos a\u00f1os\u00a0<strong>Am\u00e9rica Latina fue desintegr\u00e1ndose en individualidades\u201d.<\/strong><\/p>\n<p><u>TUIT ALBERTO<\/u><\/p>\n<p><a href=\"https:\/\/twitter.com\/alferdezprensa\/status\/1325816339357954048\">https:\/\/twitter.com\/alferdezprensa\/status\/1325816339357954048<\/a><\/p>\n<p>En ese sentido, el mandatario argentino destac\u00f3 que\u00a0<strong>\u201csomos parte de una patria grande que quiere crecer<\/strong>, y quiere justicia y desarrollo para todos\u201d. \u201cPara lograr ese objetivo contamos con la democracia como el instrumento m\u00e1s importante\u201d, continu\u00f3 Alberto Fern\u00e1ndez.<\/p>\n<p>En referencia al\u00a0<strong>golpe de estado que forz\u00f3 la renuncia de Morales<\/strong>\u00a0como presidente de Bolivia,<strong>\u00a0refugi\u00e1ndose primero en M\u00e9xico y luego en Argentina<\/strong>, el presidente se\u00f1al\u00f3: \u201cEs el deber de cada uno de nosotros ir en socorro de aquellos pueblos que se ven amenazados y lastimados por levantamientos como el que sufri\u00f3 Evo y Bolivia un a\u00f1o atr\u00e1s\u201d.<\/p>\n<p>\u201cEstoy feliz de haberle tendido la mano a Evo, a \u00c1lvaro (Garc\u00eda Linera, ex vicepresidente de Bolivia) y a los compa\u00f1eros de Bolivia\u201d, asever\u00f3. Morales, por su parte, elogi\u00f3 la carne que consumi\u00f3 durante su estad\u00eda en Argentina. Por ese motivo, Alberto le respondi\u00f3:\u00a0<strong>\u201cTe vamos a extra\u00f1ar, e intentaremos mandarte carne\u201d.<\/strong><\/p>\n<p><strong>\u201cLo recibimos con N\u00e9stor<\/strong>\u00a0(Kirchner)<strong>\u00a0y vimos un futuro Presidente que se parec\u00eda a Bolivia<\/strong>, que represent\u00f3 las entra\u00f1as mismas de Bolivia, e hizo durante su gesti\u00f3n un trabajo impresionante\u201d, record\u00f3 el jefe de Estado sobre el momento en el que conoci\u00f3 a Morales, \u201ccuando no era Presidente\u201d.<\/p>\n<p><strong>\u201cSi hay un lugar donde las estructuras cambiaron, ese lugar se llama Bolivia\u201d<\/strong>, subray\u00f3 Fern\u00e1ndez, que m\u00e1s tarde lament\u00f3 que \u201calgunos se molestaron y no lo dejaron seguir haciendo\u201d. \u201cPero bueno, el pueblo sabe, y\u00a0<strong>del otro lado del puente hay miles de bolivianos que esperan abrazar a Evo y a \u00c1lvaro\u201d<\/strong>, se extendi\u00f3.<\/p>\n<p><img data-recalc-dims=\"1\" loading=\"lazy\" decoding=\"async\" class=\"alignnone size-full wp-image-25082\" src=\"https:\/\/i0.wp.com\/elcirculo.com.ar\/wp-content\/uploads\/2020\/11\/WhatsApp-Image-2020-11-09-at-13.03.48.jpeg?resize=696%2C500&#038;ssl=1\" alt=\"\" width=\"696\" height=\"500\" srcset=\"https:\/\/i0.wp.com\/denoticiasonline.com\/wp-content\/uploads\/2020\/11\/WhatsApp-Image-2020-11-09-at-13.03.48.jpeg?w=1280&amp;ssl=1 1280w, https:\/\/i0.wp.com\/denoticiasonline.com\/wp-content\/uploads\/2020\/11\/WhatsApp-Image-2020-11-09-at-13.03.48.jpeg?resize=300%2C215&amp;ssl=1 300w, https:\/\/i0.wp.com\/denoticiasonline.com\/wp-content\/uploads\/2020\/11\/WhatsApp-Image-2020-11-09-at-13.03.48.jpeg?resize=1024%2C735&amp;ssl=1 1024w, https:\/\/i0.wp.com\/denoticiasonline.com\/wp-content\/uploads\/2020\/11\/WhatsApp-Image-2020-11-09-at-13.03.48.jpeg?resize=768%2C551&amp;ssl=1 768w, https:\/\/i0.wp.com\/denoticiasonline.com\/wp-content\/uploads\/2020\/11\/WhatsApp-Image-2020-11-09-at-13.03.48.jpeg?resize=696%2C500&amp;ssl=1 696w, https:\/\/i0.wp.com\/denoticiasonline.com\/wp-content\/uploads\/2020\/11\/WhatsApp-Image-2020-11-09-at-13.03.48.jpeg?resize=1068%2C767&amp;ssl=1 1068w, https:\/\/i0.wp.com\/denoticiasonline.com\/wp-content\/uploads\/2020\/11\/WhatsApp-Image-2020-11-09-at-13.03.48.jpeg?resize=585%2C420&amp;ssl=1 585w\" sizes=\"auto, (max-width: 696px) 100vw, 696px\" \/><\/p>\n<p>\u201cFue un honor tenerte entre nosotros\u201d, le dijo Alberto Fern\u00e1ndez y finaliz\u00f3 afirmando:\u00a0<strong>\u201cVamos a terminar gritando viva Argentina, viva Bolivia y viva Am\u00e9rica Latina\u201d<\/strong>. Finalizado el discurso, Fern\u00e1ndez acompa\u00f1\u00f3 a Morales hasta la mitad del puente que une a Argentina con Bolivia.\u00a0<strong>Del otro lado, lo esperaban trabajadores del sector minero\u00a0<\/strong>que, de manera simb\u00f3lica, le entregaron sus cascos a modo de bienvenida.    \t<\/p>\n","protected":false},"excerpt":{"rendered":"<p>El presidente encabez\u00f3 el acto de despedida y acompa\u00f1o al expresidente boliviano hasta la mitad del puente que comunica a Argentina con Bolivia. El presidente Alberto Fern\u00e1ndez despidi\u00f3 hoy al expresidente de Bolivia, Evo Morales, en la frontera entre ambos pa\u00edses ubicada en La Quiaca, manifest\u00e1ndole su afecto y remarcando la importancia de que \u201cEvo [&hellip;]<\/p>\n","protected":false},"author":1,"featured_media":25083,"comment_status":"open","ping_status":"open","sticky":false,"template":"","format":"standard","meta":{"_jetpack_memberships_contains_paid_content":false,"footnotes":""},"categories":[7664],"tags":[],"class_list":{"0":"post-25077","1":"post","2":"type-post","3":"status-publish","4":"format-standard","5":"has-post-thumbnail","7":"category-politica-nacional"},"jetpack_featured_media_url":"https:\/\/i0.wp.com\/denoticiasonline.com\/wp-content\/uploads\/2020\/11\/WhatsApp-Image-2020-11-09-at-13.03.47.jpeg?fit=1280%2C1153&ssl=1","jetpack_sharing_enabled":true,"_links":{"self":[{"href":"https:\/\/denoticiasonline.com\/index.php\/wp-json\/wp\/v2\/posts\/25077","targetHints":{"allow":["GET"]}}],"collection":[{"href":"https:\/\/denoticiasonline.com\/index.php\/wp-json\/wp\/v2\/posts"}],"about":[{"href":"https:\/\/denoticiasonline.com\/index.php\/wp-json\/wp\/v2\/types\/post"}],"author":[{"embeddable":true,"href":"https:\/\/denoticiasonline.com\/index.php\/wp-json\/wp\/v2\/users\/1"}],"replies":[{"embeddable":true,"href":"https:\/\/denoticiasonline.com\/index.php\/wp-json\/wp\/v2\/comments?post=25077"}],"version-history":[{"count":1,"href":"https:\/\/denoticiasonline.com\/index.php\/wp-json\/wp\/v2\/posts\/25077\/revisions"}],"predecessor-version":[{"id":42842,"href":"https:\/\/denoticiasonline.com\/index.php\/wp-json\/wp\/v2\/posts\/25077\/revisions\/42842"}],"wp:featuredmedia":[{"embeddable":true,"href":"https:\/\/denoticiasonline.com\/index.php\/wp-json\/wp\/v2\/media\/25083"}],"wp:attachment":[{"href":"https:\/\/denoticiasonline.com\/index.php\/wp-json\/wp\/v2\/media?parent=25077"}],"wp:term":[{"taxonomy":"category","embeddable":true,"href":"https:\/\/denoticiasonline.com\/index.php\/wp-json\/wp\/v2\/categories?post=25077"},{"taxonomy":"post_tag","embeddable":true,"href":"https:\/\/denoticiasonline.com\/index.php\/wp-json\/wp\/v2\/tags?post=25077"}],"curies":[{"name":"wp","href":"https:\/\/api.w.org\/{rel}","templated":true}]}}