{"id":24488,"date":"2020-11-04T06:20:06","date_gmt":"2020-11-04T09:20:06","guid":{"rendered":"https:\/\/elcirculo.com.ar\/?p=24488"},"modified":"2023-12-06T20:55:14","modified_gmt":"2023-12-06T20:55:14","slug":"se-quedo-a-dormir-en-lo-de-un-amigo-y-apunalo-a-el-y-a-su-padre","status":"publish","type":"post","link":"https:\/\/denoticiasonline.com\/index.php\/2020\/11\/04\/se-quedo-a-dormir-en-lo-de-un-amigo-y-apunalo-a-el-y-a-su-padre\/","title":{"rendered":"SE QUED\u00d3 A DORMIR EN LO DE UN AMIGO Y APU\u00d1AL\u00d3 A \u00c9L Y A SU PADRE"},"content":{"rendered":"<p>Dos hombres fueron apu\u00f1alados en el barrio San Mart\u00edn, en la ciudad de Mar del Plata el \u00faltimo martes por la madrugada en una vivienda ubicada en la calle Echeverr\u00eda al 2800.\u00a0Se trata de un j\u00f3ven de 27 a\u00f1os y su padre quienes fueron atacados por un amigo que se qued\u00f3 a dormir.<\/p>\n<p>Seg\u00fan los testigos, la agresi\u00f3n se dio luego de una fuerte discusi\u00f3n entre el hijo del due\u00f1o de casa y hu\u00e9sped que deriv\u00f3 en un ataque con un cuchillo. Al o\u00edr los gritos, el hombre intervino en defensa de su hijo y termin\u00f3 herido con cortes en uno de sus brazos y pierna.<\/p>\n<p>Por su parte, el j\u00f3ven de 27 a\u00f1os recibi\u00f3 una herida abdominal y se encuentra internado en grave estado en el hospital Interzonal de Agudos de Mar Del Plata junto a su padre que est\u00e1 fuera de peligro.<\/p>\n<p>Por el momento el agresor, que tambi\u00e9n le propin\u00f3 un corte a una mujer, no fue detenido y era intensamente buscado por la polic\u00eda en el marco de la causa que lleva adelante el fiscal de turno de Mar del Plata, Fernando Castro.    \t<\/p>\n","protected":false},"excerpt":{"rendered":"<p>Dos hombres fueron apu\u00f1alados en el barrio San Mart\u00edn, en la ciudad de Mar del Plata el \u00faltimo martes por la madrugada en una vivienda ubicada en la calle Echeverr\u00eda al 2800.\u00a0Se trata de un j\u00f3ven de 27 a\u00f1os y su padre quienes fueron atacados por un amigo que se qued\u00f3 a dormir. Seg\u00fan los [&hellip;]<\/p>\n","protected":false},"author":1,"featured_media":24493,"comment_status":"open","ping_status":"open","sticky":false,"template":"","format":"standard","meta":{"_jetpack_memberships_contains_paid_content":false,"footnotes":""},"categories":[7665],"tags":[],"class_list":{"0":"post-24488","1":"post","2":"type-post","3":"status-publish","4":"format-standard","5":"has-post-thumbnail","7":"category-policiales-nacionales"},"jetpack_featured_media_url":"https:\/\/i0.wp.com\/denoticiasonline.com\/wp-content\/uploads\/2020\/11\/Mardel.png?fit=978%2C584&ssl=1","jetpack_sharing_enabled":true,"_links":{"self":[{"href":"https:\/\/denoticiasonline.com\/index.php\/wp-json\/wp\/v2\/posts\/24488","targetHints":{"allow":["GET"]}}],"collection":[{"href":"https:\/\/denoticiasonline.com\/index.php\/wp-json\/wp\/v2\/posts"}],"about":[{"href":"https:\/\/denoticiasonline.com\/index.php\/wp-json\/wp\/v2\/types\/post"}],"author":[{"embeddable":true,"href":"https:\/\/denoticiasonline.com\/index.php\/wp-json\/wp\/v2\/users\/1"}],"replies":[{"embeddable":true,"href":"https:\/\/denoticiasonline.com\/index.php\/wp-json\/wp\/v2\/comments?post=24488"}],"version-history":[{"count":1,"href":"https:\/\/denoticiasonline.com\/index.php\/wp-json\/wp\/v2\/posts\/24488\/revisions"}],"predecessor-version":[{"id":42670,"href":"https:\/\/denoticiasonline.com\/index.php\/wp-json\/wp\/v2\/posts\/24488\/revisions\/42670"}],"wp:featuredmedia":[{"embeddable":true,"href":"https:\/\/denoticiasonline.com\/index.php\/wp-json\/wp\/v2\/media\/24493"}],"wp:attachment":[{"href":"https:\/\/denoticiasonline.com\/index.php\/wp-json\/wp\/v2\/media?parent=24488"}],"wp:term":[{"taxonomy":"category","embeddable":true,"href":"https:\/\/denoticiasonline.com\/index.php\/wp-json\/wp\/v2\/categories?post=24488"},{"taxonomy":"post_tag","embeddable":true,"href":"https:\/\/denoticiasonline.com\/index.php\/wp-json\/wp\/v2\/tags?post=24488"}],"curies":[{"name":"wp","href":"https:\/\/api.w.org\/{rel}","templated":true}]}}