{"id":24340,"date":"2020-11-03T08:08:03","date_gmt":"2020-11-03T11:08:03","guid":{"rendered":"https:\/\/elcirculo.com.ar\/?p=24340"},"modified":"2023-12-04T18:22:59","modified_gmt":"2023-12-04T18:22:59","slug":"reaparecio-daniel-angelici-y-cargo-contra-ameal-no-puedo-entender-que-sea-tan-burro","status":"publish","type":"post","link":"https:\/\/denoticiasonline.com\/index.php\/2020\/11\/03\/reaparecio-daniel-angelici-y-cargo-contra-ameal-no-puedo-entender-que-sea-tan-burro\/","title":{"rendered":"REAPARECI\u00d3 DANIEL ANGELICI Y CARG\u00d3 CONTRA AMEAL: &#8220;NO PUEDO ENTENDER QUE SEA TAN BURRO"},"content":{"rendered":"<p>El expresidente de Boca Juniors apunt\u00f3 contra el actual mandam\u00e1s del club tras los resultados de la auditor\u00eda.<\/p>\n<p>Luego de estar alejado de los medios tras dejar su cargo como presidente de Boca Juniors, y que la f\u00f3rmula que apoyaba pierda las elecciones, volvi\u00f3 a hablar Daniel Angelici. El expresidente de Boca acus\u00f3 a la Comisi\u00f3n Directiva encabezada por Jorge Amor Ameal, que denuncia irregularidades graves durante su gesti\u00f3n de rebatir los puntos de los que se lo acusan y relat\u00f3 destratos de parte de las nuevas autoridades.<\/p>\n<p>&#8220;Ameal nunca me atendi\u00f3 el tel\u00e9fono. Yo particip\u00e9 de muchas elecciones en mi vida, en el f\u00fatbol, en partidos pol\u00edticos, en la facultad, en la c\u00e1mara de empresarios. Eso termina esa noche, al otro d\u00eda somos todos hinchas de Boca. Lo llam\u00e9 para felicitarlo, no me atendi\u00f3, y despu\u00e9s para organizar la transici\u00f3n, nunca me atendi\u00f3. No me llam\u00f3 nunca. Solo me mand\u00f3 decir que quer\u00eda entregarla despu\u00e9s del 12 de diciembre porque no se quer\u00edan hacer cargo del d\u00eda del hincha de Boca. Cuando uno gana tiene que estar contento, no s\u00e9 de d\u00f3nde sale tanto odio y tanta bronca. Siempre estuve a disposici\u00f3n del club, incluso para entregar la fundaci\u00f3n&#8221;, remarc\u00f3 Angelici.<\/p>\n<p>En di\u00e1logo con TyC Sports, el dirigente deportivo, explic\u00f3 su postura sobre el balance de corte del final de su gesti\u00f3n, cuya falta fue una de las acusaciones del informe de auditor\u00eda: &#8220;Lo \u00fanico que me lleg\u00f3 fue una carta documento exigiendo el balance de corte, que me sorprendi\u00f3. Le contest\u00e9 casi carg\u00e1ndolo, no pude entender que sea tan burro porque \u00e9l estaba en la Comisi\u00f3n Directiva cuando termin\u00f3 Macri, cuando \u00e9l asumi\u00f3 la firm\u00f3 \u00e9l como presidente y yo como tesorero. Cuando termin\u00f3 \u00e9l, lo firm\u00e9 yo. \u00bfC\u00f3mo yo puedo firmar un balance de corte cuando dej\u00f3 de ser presidente? Tampoco entiendo c\u00f3mo pasado 300 d\u00edas no pudieron hacer el balance de corte, que no hab\u00edan presentado el presupuesto, ni pudieron hacer una asamblea por Zoom. IGJ aprob\u00f3 asambleas por Zoom y ya se hicieron&#8221;.<\/p>\n<p>Por \u00faltimo, el Tano se refiri\u00f3 a las irregularidades de los balances que se realizaron durante su gesti\u00f3n: &#8221; Cuando dejamos el club, hab\u00eda 5.000.000 de d\u00f3lares en la caja, y est\u00e1 certificado por escribano. Y al margen de eso, hab\u00eda otros 30 millones de d\u00f3lares por cobrar. Unos 20 millones son por contratos comerciales con adidas, Qatar, Axion, Gatorade&#8230; Adem\u00e1s, se deber\u00eda haber cobrado un mill\u00f3n de euros por Barrios, ya que estaba estipulado ese plus si Zenit sal\u00eda campe\u00f3n de Rusia, y efectivamente ocurri\u00f3. Hay tambi\u00e9n 800.000 d\u00f3lares a cobrar por el pase de Ch\u00e1vez a Hurac\u00e1n, con garant\u00eda sobre los derechos de TV, que vencieron en el primer semestre. Independiente debe 700.000 d\u00f3lares por Pablo P\u00e9rez. Y en el caso Bentancur, por ejemplo, Boca sigue siendo el due\u00f1o del 50%. M\u00e1s all\u00e1 de que el club cobra 500.000 euros cada vez que la Juventus sale campe\u00f3n o clasifica a la Champions, a partir de esta temporada los italianos deber\u00e1n pagar 2.000.000 de euros por a\u00f1o en el caso de no venderlo. \u00bfDesfinanciado? No, Boca no est\u00e1 desfinanciado&#8221;.    \t<\/p>\n","protected":false},"excerpt":{"rendered":"<p>El expresidente de Boca Juniors apunt\u00f3 contra el actual mandam\u00e1s del club tras los resultados de la auditor\u00eda. Luego de estar alejado de los medios tras dejar su cargo como presidente de Boca Juniors, y que la f\u00f3rmula que apoyaba pierda las elecciones, volvi\u00f3 a hablar Daniel Angelici. El expresidente de Boca acus\u00f3 a la [&hellip;]<\/p>\n","protected":false},"author":1,"featured_media":24341,"comment_status":"open","ping_status":"open","sticky":false,"template":"","format":"standard","meta":{"_jetpack_memberships_contains_paid_content":false,"footnotes":""},"categories":[8490],"tags":[74,75,76],"class_list":{"0":"post-24340","1":"post","2":"type-post","3":"status-publish","4":"format-standard","5":"has-post-thumbnail","7":"category-deportes-nacionales","8":"tag-angelici","9":"tag-boca","10":"tag-jorge-ameal"},"jetpack_featured_media_url":"https:\/\/i0.wp.com\/denoticiasonline.com\/wp-content\/uploads\/2020\/11\/angelici-1.jpg?fit=700%2C450&ssl=1","jetpack_sharing_enabled":true,"_links":{"self":[{"href":"https:\/\/denoticiasonline.com\/index.php\/wp-json\/wp\/v2\/posts\/24340","targetHints":{"allow":["GET"]}}],"collection":[{"href":"https:\/\/denoticiasonline.com\/index.php\/wp-json\/wp\/v2\/posts"}],"about":[{"href":"https:\/\/denoticiasonline.com\/index.php\/wp-json\/wp\/v2\/types\/post"}],"author":[{"embeddable":true,"href":"https:\/\/denoticiasonline.com\/index.php\/wp-json\/wp\/v2\/users\/1"}],"replies":[{"embeddable":true,"href":"https:\/\/denoticiasonline.com\/index.php\/wp-json\/wp\/v2\/comments?post=24340"}],"version-history":[{"count":1,"href":"https:\/\/denoticiasonline.com\/index.php\/wp-json\/wp\/v2\/posts\/24340\/revisions"}],"predecessor-version":[{"id":42608,"href":"https:\/\/denoticiasonline.com\/index.php\/wp-json\/wp\/v2\/posts\/24340\/revisions\/42608"}],"wp:featuredmedia":[{"embeddable":true,"href":"https:\/\/denoticiasonline.com\/index.php\/wp-json\/wp\/v2\/media\/24341"}],"wp:attachment":[{"href":"https:\/\/denoticiasonline.com\/index.php\/wp-json\/wp\/v2\/media?parent=24340"}],"wp:term":[{"taxonomy":"category","embeddable":true,"href":"https:\/\/denoticiasonline.com\/index.php\/wp-json\/wp\/v2\/categories?post=24340"},{"taxonomy":"post_tag","embeddable":true,"href":"https:\/\/denoticiasonline.com\/index.php\/wp-json\/wp\/v2\/tags?post=24340"}],"curies":[{"name":"wp","href":"https:\/\/api.w.org\/{rel}","templated":true}]}}