{"id":24168,"date":"2020-11-02T10:27:54","date_gmt":"2020-11-02T13:27:54","guid":{"rendered":"https:\/\/elcirculo.com.ar\/?p=24168"},"modified":"2023-12-04T17:53:34","modified_gmt":"2023-12-04T17:53:34","slug":"murio-mario-pereyra-conductor-y-director-de-la-radio-cadena-3-de-cordoba","status":"publish","type":"post","link":"https:\/\/denoticiasonline.com\/index.php\/2020\/11\/02\/murio-mario-pereyra-conductor-y-director-de-la-radio-cadena-3-de-cordoba\/","title":{"rendered":"MURI\u00d3 MARIO PEREYRA, CONDUCTOR Y DIRECTOR DE LA RADIO CADENA 3 DE C\u00d3RDOBA"},"content":{"rendered":"<p>El mundo radial qued\u00f3 consternado con la noticia: el periodista Mario Pereyra, una de las grandes leyendas de la radio de C\u00f3rdoba y una figura preponderante en la radiofon\u00eda nacional, muri\u00f3 en la madrugada del domingo a los 77 a\u00f1os, despu\u00e9s de no haberse podido recuperar del contagio de coronavirus.<\/p>\n<p>La triste informaci\u00f3n fue comunicada en las redes sociales por la propia radio Cadena 3: &#8220;La familia de Cadena 3 Argentina hoy abraza especialmente a Estelita, a todos los familiares de Mario Pereyra y a sus oyentes en el pa\u00eds y el mundo&#8221;, expres\u00f3 el medio que tuvo a Pereyra como uno de sus creadores, era actual director y se destac\u00f3 y se convirti\u00f3 en un \u00edcono de las ma\u00f1anas cordobesas durante d\u00e9cadas, con su programa Juntos.<\/p>\n<p>Pereyra se encontraba internado en la capital cordobesa desde el 13 de octubre, despu\u00e9s de haberse contagiado de coronavirus. Estaba alojado en el Instituto Modelo de Cardiolog\u00eda de C\u00f3rdoba capital. Ya en la \u00faltima semana, su condici\u00f3n hab\u00eda empeorado much\u00edsimo.<\/p>\n<p>Varios colegas y artistas del medio despidieron con mensajes emotivos al locutor nacido en San Juan, quien promovi\u00f3 desde la radio a quienes luego fueron grandes artistas, como Abel Pintos, Soledad Pastorutti, Jorge Rojas, entre otros. Adem\u00e1s, dej\u00f3 su marca en los operativos de verano, fue la vidriera de grandes artistas y obras de teatro y cre\u00f3 m\u00e1s de 25 radios a lo largo y ancho del pa\u00eds que son repetidoras de Cadena 3. Fue un \u00edcono de la radio, que desde tierra adentro le compiti\u00f3 con profesionalismo e ideas a los grandes medios de capital federal y lleg\u00f3 a todos los rincones del pa\u00eds.    \t<\/p>\n","protected":false},"excerpt":{"rendered":"<p>El mundo radial qued\u00f3 consternado con la noticia: el periodista Mario Pereyra, una de las grandes leyendas de la radio de C\u00f3rdoba y una figura preponderante en la radiofon\u00eda nacional, muri\u00f3 en la madrugada del domingo a los 77 a\u00f1os, despu\u00e9s de no haberse podido recuperar del contagio de coronavirus. La triste informaci\u00f3n fue comunicada [&hellip;]<\/p>\n","protected":false},"author":1,"featured_media":24169,"comment_status":"open","ping_status":"open","sticky":false,"template":"","format":"standard","meta":{"_jetpack_memberships_contains_paid_content":false,"footnotes":""},"categories":[108],"tags":[36],"class_list":["post-24168","post","type-post","status-publish","format-standard","has-post-thumbnail","hentry","category-sociedad-nacional","tag-coronavirus"],"jetpack_featured_media_url":"https:\/\/i0.wp.com\/denoticiasonline.com\/wp-content\/uploads\/2020\/11\/mario-pereyra.jpg?fit=642%2C361&ssl=1","jetpack_sharing_enabled":true,"_links":{"self":[{"href":"https:\/\/denoticiasonline.com\/index.php\/wp-json\/wp\/v2\/posts\/24168","targetHints":{"allow":["GET"]}}],"collection":[{"href":"https:\/\/denoticiasonline.com\/index.php\/wp-json\/wp\/v2\/posts"}],"about":[{"href":"https:\/\/denoticiasonline.com\/index.php\/wp-json\/wp\/v2\/types\/post"}],"author":[{"embeddable":true,"href":"https:\/\/denoticiasonline.com\/index.php\/wp-json\/wp\/v2\/users\/1"}],"replies":[{"embeddable":true,"href":"https:\/\/denoticiasonline.com\/index.php\/wp-json\/wp\/v2\/comments?post=24168"}],"version-history":[{"count":1,"href":"https:\/\/denoticiasonline.com\/index.php\/wp-json\/wp\/v2\/posts\/24168\/revisions"}],"predecessor-version":[{"id":42558,"href":"https:\/\/denoticiasonline.com\/index.php\/wp-json\/wp\/v2\/posts\/24168\/revisions\/42558"}],"wp:featuredmedia":[{"embeddable":true,"href":"https:\/\/denoticiasonline.com\/index.php\/wp-json\/wp\/v2\/media\/24169"}],"wp:attachment":[{"href":"https:\/\/denoticiasonline.com\/index.php\/wp-json\/wp\/v2\/media?parent=24168"}],"wp:term":[{"taxonomy":"category","embeddable":true,"href":"https:\/\/denoticiasonline.com\/index.php\/wp-json\/wp\/v2\/categories?post=24168"},{"taxonomy":"post_tag","embeddable":true,"href":"https:\/\/denoticiasonline.com\/index.php\/wp-json\/wp\/v2\/tags?post=24168"}],"curies":[{"name":"wp","href":"https:\/\/api.w.org\/{rel}","templated":true}]}}